{"id":45294,"global_id":"hasparren.fr\/eu\/?id=45294","global_id_lineage":["hasparren.fr\/eu\/?id=45294"],"author":"11","status":"publish","date":"2025-05-26 11:04:09","date_utc":"2025-05-26 09:04:09","modified":"2025-05-26 11:04:09","modified_utc":"2025-05-26 09:04:09","url":"https:\/\/hasparren.fr\/eu\/evenement\/action-collective-de-proximite\/","rest_url":"https:\/\/hasparren.fr\/eu\/wp-json\/tribe\/events\/v1\/events\/45294","title":"Action Collective de Proximit\u00e9","description":"<div data-olk-copy-source=\"MessageBody\">La Communaut\u00e9 Pays Basque et la R\u00e9gion Nouvelle-Aquitaine lancent le programme <b>Action Collective de Proximit\u00e9 (<span class=\"markjvl5b6iqe\" data-markjs=\"true\" data-ogac=\"\" data-ogab=\"\" data-ogsc=\"\" data-ogsb=\"\">ACP<\/span>) 2025\u20132027<\/b>, destin\u00e9 \u00e0 soutenir les\u00a0<b>commerces et artisans de proximit\u00e9<\/b>.<\/div>\n<div>Ce dispositif propose :<\/div>\n<ul data-end=\"592\" data-start=\"402\">\n<li>\n<div>un diagnostic personnalis\u00e9,<\/div>\n<\/li>\n<li>\n<div>des aides \u00e0 l\u2019investissement\u00a0(jusqu\u2019\u00e0 10 000 \u20ac),<\/div>\n<\/li>\n<li>\n<div>et un accompagnement vers la transition \u00e9cologique\u00a0et la valorisation des savoir-faire.<\/div>\n<\/li>\n<\/ul>\n<div>Une r\u00e9union d\u2019information aura lieu \u00e0\u00a0<b>Hasparren, le lundi 16 juin \u00e0 18h30<\/b>\u00a0(Maison de la Communaut\u00e9).<\/div>\n<div>Pour plus d&#8217;informations :\u00a0<a id=\"LPlnk630135\" title=\"https:\/\/www.communaute-paysbasque.fr\/aides-et-financements\/aide-et-financement\/action-collective-de-proximite-acp-du-pays-basque\" href=\"https:\/\/www.communaute-paysbasque.fr\/aides-et-financements\/aide-et-financement\/action-collective-de-proximite-acp-du-pays-basque\" target=\"_blank\" rel=\"noopener noreferrer\" data-auth=\"NotApplicable\" data-linkindex=\"0\">https:\/\/www.communaute-paysbasque.fr\/aides-et-financements\/aide-et-financement\/action-collective-de-proximite-<span class=\"markjvl5b6iqe\" data-markjs=\"true\" data-ogac=\"\" data-ogab=\"\" data-ogsc=\"\" data-ogsb=\"\">acp<\/span>-du-pays-basque<\/a><\/div>","excerpt":"","slug":"action-collective-de-proximite","image":{"url":"https:\/\/hasparren.fr\/wp-content\/uploads\/2025\/05\/Capture-decran-2025-05-26-110254.png","id":45144,"extension":"png","width":462,"height":365,"filesize":81452,"sizes":{"medium":{"width":380,"height":300,"mime-type":"image\/png","filesize":91571,"url":"https:\/\/hasparren.fr\/wp-content\/uploads\/2025\/05\/Capture-decran-2025-05-26-110254-380x300.png"},"thumbnail":{"width":200,"height":50,"mime-type":"image\/png","filesize":16016,"url":"https:\/\/hasparren.fr\/wp-content\/uploads\/2025\/05\/Capture-decran-2025-05-26-110254-200x50.png"},"post-thumbnail":{"width":380,"height":300,"mime-type":"image\/png","filesize":91571,"url":"https:\/\/hasparren.fr\/wp-content\/uploads\/2025\/05\/Capture-decran-2025-05-26-110254-380x300.png"}}},"all_day":false,"start_date":"2025-06-16 18:30:00","start_date_details":{"year":"2025","month":"06","day":"16","hour":"18","minutes":"30","seconds":"00"},"end_date":"2025-06-16 19:30:00","end_date_details":{"year":"2025","month":"06","day":"16","hour":"19","minutes":"30","seconds":"00"},"utc_start_date":"2025-06-16 16:30:00","utc_start_date_details":{"year":"2025","month":"06","day":"16","hour":"16","minutes":"30","seconds":"00"},"utc_end_date":"2025-06-16 17:30:00","utc_end_date_details":{"year":"2025","month":"06","day":"16","hour":"17","minutes":"30","seconds":"00"},"timezone":"Europe\/Paris","timezone_abbr":"CEST","cost":"","cost_details":{"currency_symbol":"$","currency_code":"USD","currency_position":"prefix","values":[]},"website":"","show_map":true,"show_map_link":true,"hide_from_listings":false,"sticky":false,"featured":false,"categories":[],"tags":[],"venue":{"id":35561,"author":"14","status":"publish","date":"2022-11-02 11:07:02","date_utc":"2022-11-02 10:07:02","modified":"2022-11-02 11:07:02","modified_utc":"2022-11-02 10:07:02","url":"https:\/\/hasparren.fr\/helbidea\/maison-de-la-communaute-pays-de-hasparren\/","venue":"Maison de la communaut\u00e9 Pays de Hasparren","slug":"maison-de-la-communaute-pays-de-hasparren","json_ld":{"@type":"Place","name":"Maison de la communaut\u00e9 Pays de Hasparren","description":"","url":"","address":{"@type":"PostalAddress"},"telephone":"","sameAs":""},"show_map":true,"show_map_link":true,"global_id":"hasparren.fr\/eu\/?id=35561","global_id_lineage":["hasparren.fr\/eu\/?id=35561"]},"organizer":[{"id":31531,"author":"14","status":"publish","date":"2022-08-31 18:12:20","date_utc":"2022-08-31 16:12:20","modified":"2022-08-31 18:12:20","modified_utc":"2022-08-31 16:12:20","url":"https:\/\/hasparren.fr\/antolatzaile\/capb\/","organizer":"CAPB","slug":"capb","json_ld":{"@type":"Person","name":"CAPB","description":"","url":"","telephone":"","email":"","sameAs":""},"global_id":"hasparren.fr\/eu\/?id=31531","global_id_lineage":["hasparren.fr\/eu\/?id=31531"]}],"json_ld":{"@context":"http:\/\/schema.org","@type":"Event","name":"Action Collective de Proximit\u00e9","description":"&lt;p&gt;La Communaut\u00e9 Pays Basque et la R\u00e9gion Nouvelle-Aquitaine lancent le programme Action Collective de Proximit\u00e9 (ACP) 2025\u20132027, destin\u00e9 \u00e0 soutenir les\u00a0commerces et artisans de proximit\u00e9. Ce dispositif propose : un [&hellip;]&lt;\/p&gt;\\n","image":"https:\/\/hasparren.fr\/wp-content\/uploads\/2025\/05\/Capture-decran-2025-05-26-110254.png","url":"https:\/\/hasparren.fr\/eu\/evenement\/action-collective-de-proximite\/","eventAttendanceMode":"https:\/\/schema.org\/OfflineEventAttendanceMode","eventStatus":"https:\/\/schema.org\/EventScheduled","startDate":"2025-06-16T18:30:00+02:00","endDate":"2025-06-16T19:30:00+02:00","location":{"@type":"Place","name":"Maison de la communaut\u00e9 Pays de Hasparren","description":"","url":"","address":{"@type":"PostalAddress"},"telephone":"","sameAs":""},"organizer":{"@type":"Person","name":"CAPB","description":"","url":"","telephone":"","email":"","sameAs":""},"performer":"Organization"},"event_bgcolor":"","event_text_color":""}