{"id":14257,"date":"2020-11-19T10:57:15","date_gmt":"2020-11-19T09:57:15","guid":{"rendered":"http:\/\/s864240641.onlinehome.fr\/NewWp\/?p=14257"},"modified":"2021-04-20T17:50:47","modified_gmt":"2021-04-20T15:50:47","slug":"pharmacies-et-medecins-de-garde","status":"publish","type":"post","link":"https:\/\/hasparren.fr\/eu\/pharmacies-et-medecins-de-garde\/","title":{"rendered":"Pharmacies et m\u00e9decins de garde"},"content":{"rendered":"<h2>Zaintzako Farmazia<\/h2>\n<p><a class=\"button\" title=\"Acc\u00e9der au site Internet des pharmacies de garde ouverte d'Hasparren - pharmaciedegarde.co - Nouvelle fen\u00eatre\" href=\"https:\/\/pharmaciedegarde.co\/pharmacie-ouverte-hasparren.html\" target=\"_blank\" rel=\"noopener noreferrer\"> Acc\u00e9der au site Internet des pharmacies de garde ouverte d&#8217;Hasparren\u00a0<\/a><\/p>\n<p>&nbsp;<\/p>\n<h2>Zaintzako Medikua<\/h2>\n<p><a class=\"button\" title=\"Acc\u00e9der au site Internet des m\u00e9decins de garde d'Hasparren - sos-tel-docteur.fr - Nouvelle fen\u00eatre\" href=\"https:\/\/sos-tel-docteur.fr\/medecin-de-garde-hasparren\" target=\"_blank\" rel=\"noopener noreferrer\"> Acc\u00e9der au site Internet des m\u00e9decins de garde d&#8217;Hasparren\u00a0<\/a><\/p>\n","protected":false},"excerpt":{"rendered":"<p>Zaintzako Farmazia Acc\u00e9der au site Internet des pharmacies de garde ouverte d&#8217;Hasparren\u00a0 &nbsp; Zaintzako Medikua Acc\u00e9der au site Internet des m\u00e9decins de garde d&#8217;Hasparren\u00a0<\/p>\n","protected":false},"author":14,"featured_media":13133,"comment_status":"closed","ping_status":"closed","sticky":false,"template":"","format":"standard","meta":{"_acf_changed":false,"cybocfi_hide_featured_image":"yes","footnotes":""},"categories":[998],"tags":[1024],"class_list":["post-14257","post","type-post","status-publish","format-standard","has-post-thumbnail","hentry","category-sante","tag-sante-eu","clearfix"],"acf":[],"yoast_head":"<!-- This site is optimized with the Yoast SEO plugin v27.5 - https:\/\/yoast.com\/product\/yoast-seo-wordpress\/ -->\n<title>Pharmacies et m\u00e9decins de garde - Hasparren, commune du Pays Basque<\/title>\n<meta name=\"description\" content=\"Pharmacies et m\u00e9decins de garde - Hasparren, commune du Pays Basque\" \/>\n<meta name=\"robots\" content=\"index, follow, max-snippet:-1, max-image-preview:large, max-video-preview:-1\" \/>\n<link rel=\"canonical\" href=\"https:\/\/hasparren.fr\/eu\/pharmacies-et-medecins-de-garde\/\" \/>\n<meta property=\"og:locale\" content=\"eu_ES\" \/>\n<meta property=\"og:type\" content=\"article\" \/>\n<meta property=\"og:title\" content=\"Pharmacies et m\u00e9decins de garde - Hasparren, commune du Pays Basque\" \/>\n<meta property=\"og:description\" content=\"Pharmacies et m\u00e9decins de garde - Hasparren, commune du Pays Basque\" \/>\n<meta property=\"og:url\" content=\"https:\/\/hasparren.fr\/eu\/pharmacies-et-medecins-de-garde\/\" \/>\n<meta property=\"og:site_name\" content=\"Hasparren, commune du Pays Basque\" \/>\n<meta property=\"article:published_time\" content=\"2020-11-19T09:57:15+00:00\" \/>\n<meta property=\"article:modified_time\" content=\"2021-04-20T15:50:47+00:00\" \/>\n<meta property=\"og:image\" content=\"https:\/\/hasparren.fr\/wp-content\/uploads\/2020\/10\/hasparren-categorie-e1605709389335.jpg\" \/>\n\t<meta property=\"og:image:width\" content=\"895\" \/>\n\t<meta property=\"og:image:height\" content=\"443\" \/>\n\t<meta property=\"og:image:type\" content=\"image\/jpeg\" \/>\n<meta name=\"author\" content=\"Jonathan Ade-urban\" \/>\n<meta name=\"twitter:card\" content=\"summary_large_image\" \/>\n<meta name=\"twitter:label1\" content=\"Written by\" \/>\n\t<meta name=\"twitter:data1\" content=\"Jonathan Ade-urban\" \/>\n<script type=\"application\/ld+json\" class=\"yoast-schema-graph\">{\"@context\":\"https:\\\/\\\/schema.org\",\"@graph\":[{\"@type\":\"Article\",\"@id\":\"https:\\\/\\\/hasparren.fr\\\/eu\\\/pharmacies-et-medecins-de-garde\\\/#article\",\"isPartOf\":{\"@id\":\"https:\\\/\\\/hasparren.fr\\\/eu\\\/pharmacies-et-medecins-de-garde\\\/\"},\"author\":{\"name\":\"Jonathan Ade-urban\",\"@id\":\"https:\\\/\\\/hasparren.fr\\\/#\\\/schema\\\/person\\\/da1441aa8e4ef3cb9bc163683a473a65\"},\"headline\":\"Pharmacies et m\u00e9decins de garde\",\"datePublished\":\"2020-11-19T09:57:15+00:00\",\"dateModified\":\"2021-04-20T15:50:47+00:00\",\"mainEntityOfPage\":{\"@id\":\"https:\\\/\\\/hasparren.fr\\\/eu\\\/pharmacies-et-medecins-de-garde\\\/\"},\"wordCount\":35,\"image\":{\"@id\":\"https:\\\/\\\/hasparren.fr\\\/eu\\\/pharmacies-et-medecins-de-garde\\\/#primaryimage\"},\"thumbnailUrl\":\"https:\\\/\\\/hasparren.fr\\\/wp-content\\\/uploads\\\/2020\\\/10\\\/hasparren-categorie-e1605709389335.jpg\",\"keywords\":[\"Sant\u00e9\"],\"articleSection\":[\"Osasuna\"],\"inLanguage\":\"eu\"},{\"@type\":\"WebPage\",\"@id\":\"https:\\\/\\\/hasparren.fr\\\/eu\\\/pharmacies-et-medecins-de-garde\\\/\",\"url\":\"https:\\\/\\\/hasparren.fr\\\/eu\\\/pharmacies-et-medecins-de-garde\\\/\",\"name\":\"Pharmacies et m\u00e9decins de garde - Hasparren, commune du Pays Basque\",\"isPartOf\":{\"@id\":\"https:\\\/\\\/hasparren.fr\\\/#website\"},\"primaryImageOfPage\":{\"@id\":\"https:\\\/\\\/hasparren.fr\\\/eu\\\/pharmacies-et-medecins-de-garde\\\/#primaryimage\"},\"image\":{\"@id\":\"https:\\\/\\\/hasparren.fr\\\/eu\\\/pharmacies-et-medecins-de-garde\\\/#primaryimage\"},\"thumbnailUrl\":\"https:\\\/\\\/hasparren.fr\\\/wp-content\\\/uploads\\\/2020\\\/10\\\/hasparren-categorie-e1605709389335.jpg\",\"datePublished\":\"2020-11-19T09:57:15+00:00\",\"dateModified\":\"2021-04-20T15:50:47+00:00\",\"author\":{\"@id\":\"https:\\\/\\\/hasparren.fr\\\/#\\\/schema\\\/person\\\/da1441aa8e4ef3cb9bc163683a473a65\"},\"description\":\"Pharmacies et m\u00e9decins de garde - Hasparren, commune du Pays Basque\",\"breadcrumb\":{\"@id\":\"https:\\\/\\\/hasparren.fr\\\/eu\\\/pharmacies-et-medecins-de-garde\\\/#breadcrumb\"},\"inLanguage\":\"eu\",\"potentialAction\":[{\"@type\":\"ReadAction\",\"target\":[\"https:\\\/\\\/hasparren.fr\\\/eu\\\/pharmacies-et-medecins-de-garde\\\/\"]}]},{\"@type\":\"BreadcrumbList\",\"@id\":\"https:\\\/\\\/hasparren.fr\\\/eu\\\/pharmacies-et-medecins-de-garde\\\/#breadcrumb\",\"itemListElement\":[{\"@type\":\"ListItem\",\"position\":1,\"name\":\"Accueil\",\"item\":\"https:\\\/\\\/hasparren.fr\\\/eu\\\/\"},{\"@type\":\"ListItem\",\"position\":2,\"name\":\"Pharmacies et m\u00e9decins de garde\"}]},{\"@type\":\"WebSite\",\"@id\":\"https:\\\/\\\/hasparren.fr\\\/#website\",\"url\":\"https:\\\/\\\/hasparren.fr\\\/\",\"name\":\"Hasparren, commune du Pays Basque\",\"description\":\"Hasparren, commune du Pays Basque\",\"potentialAction\":[{\"@type\":\"SearchAction\",\"target\":{\"@type\":\"EntryPoint\",\"urlTemplate\":\"https:\\\/\\\/hasparren.fr\\\/?s={search_term_string}\"},\"query-input\":{\"@type\":\"PropertyValueSpecification\",\"valueRequired\":true,\"valueName\":\"search_term_string\"}}],\"inLanguage\":\"eu\"},{\"@type\":\"Person\",\"@id\":\"https:\\\/\\\/hasparren.fr\\\/#\\\/schema\\\/person\\\/da1441aa8e4ef3cb9bc163683a473a65\",\"name\":\"Jonathan Ade-urban\"}]}<\/script>\n<!-- \/ Yoast SEO plugin. -->","yoast_head_json":{"title":"Pharmacies et m\u00e9decins de garde - Hasparren, commune du Pays Basque","description":"Pharmacies et m\u00e9decins de garde - Hasparren, commune du Pays Basque","robots":{"index":"index","follow":"follow","max-snippet":"max-snippet:-1","max-image-preview":"max-image-preview:large","max-video-preview":"max-video-preview:-1"},"canonical":"https:\/\/hasparren.fr\/eu\/pharmacies-et-medecins-de-garde\/","og_locale":"eu_ES","og_type":"article","og_title":"Pharmacies et m\u00e9decins de garde - Hasparren, commune du Pays Basque","og_description":"Pharmacies et m\u00e9decins de garde - Hasparren, commune du Pays Basque","og_url":"https:\/\/hasparren.fr\/eu\/pharmacies-et-medecins-de-garde\/","og_site_name":"Hasparren, commune du Pays Basque","article_published_time":"2020-11-19T09:57:15+00:00","article_modified_time":"2021-04-20T15:50:47+00:00","og_image":[{"width":895,"height":443,"url":"https:\/\/hasparren.fr\/wp-content\/uploads\/2020\/10\/hasparren-categorie-e1605709389335.jpg","type":"image\/jpeg"}],"author":"Jonathan Ade-urban","twitter_card":"summary_large_image","twitter_misc":{"Written by":"Jonathan Ade-urban"},"schema":{"@context":"https:\/\/schema.org","@graph":[{"@type":"Article","@id":"https:\/\/hasparren.fr\/eu\/pharmacies-et-medecins-de-garde\/#article","isPartOf":{"@id":"https:\/\/hasparren.fr\/eu\/pharmacies-et-medecins-de-garde\/"},"author":{"name":"Jonathan Ade-urban","@id":"https:\/\/hasparren.fr\/#\/schema\/person\/da1441aa8e4ef3cb9bc163683a473a65"},"headline":"Pharmacies et m\u00e9decins de garde","datePublished":"2020-11-19T09:57:15+00:00","dateModified":"2021-04-20T15:50:47+00:00","mainEntityOfPage":{"@id":"https:\/\/hasparren.fr\/eu\/pharmacies-et-medecins-de-garde\/"},"wordCount":35,"image":{"@id":"https:\/\/hasparren.fr\/eu\/pharmacies-et-medecins-de-garde\/#primaryimage"},"thumbnailUrl":"https:\/\/hasparren.fr\/wp-content\/uploads\/2020\/10\/hasparren-categorie-e1605709389335.jpg","keywords":["Sant\u00e9"],"articleSection":["Osasuna"],"inLanguage":"eu"},{"@type":"WebPage","@id":"https:\/\/hasparren.fr\/eu\/pharmacies-et-medecins-de-garde\/","url":"https:\/\/hasparren.fr\/eu\/pharmacies-et-medecins-de-garde\/","name":"Pharmacies et m\u00e9decins de garde - Hasparren, commune du Pays Basque","isPartOf":{"@id":"https:\/\/hasparren.fr\/#website"},"primaryImageOfPage":{"@id":"https:\/\/hasparren.fr\/eu\/pharmacies-et-medecins-de-garde\/#primaryimage"},"image":{"@id":"https:\/\/hasparren.fr\/eu\/pharmacies-et-medecins-de-garde\/#primaryimage"},"thumbnailUrl":"https:\/\/hasparren.fr\/wp-content\/uploads\/2020\/10\/hasparren-categorie-e1605709389335.jpg","datePublished":"2020-11-19T09:57:15+00:00","dateModified":"2021-04-20T15:50:47+00:00","author":{"@id":"https:\/\/hasparren.fr\/#\/schema\/person\/da1441aa8e4ef3cb9bc163683a473a65"},"description":"Pharmacies et m\u00e9decins de garde - Hasparren, commune du Pays Basque","breadcrumb":{"@id":"https:\/\/hasparren.fr\/eu\/pharmacies-et-medecins-de-garde\/#breadcrumb"},"inLanguage":"eu","potentialAction":[{"@type":"ReadAction","target":["https:\/\/hasparren.fr\/eu\/pharmacies-et-medecins-de-garde\/"]}]},{"@type":"BreadcrumbList","@id":"https:\/\/hasparren.fr\/eu\/pharmacies-et-medecins-de-garde\/#breadcrumb","itemListElement":[{"@type":"ListItem","position":1,"name":"Accueil","item":"https:\/\/hasparren.fr\/eu\/"},{"@type":"ListItem","position":2,"name":"Pharmacies et m\u00e9decins de garde"}]},{"@type":"WebSite","@id":"https:\/\/hasparren.fr\/#website","url":"https:\/\/hasparren.fr\/","name":"Hasparren, commune du Pays Basque","description":"Hasparren, commune du Pays Basque","potentialAction":[{"@type":"SearchAction","target":{"@type":"EntryPoint","urlTemplate":"https:\/\/hasparren.fr\/?s={search_term_string}"},"query-input":{"@type":"PropertyValueSpecification","valueRequired":true,"valueName":"search_term_string"}}],"inLanguage":"eu"},{"@type":"Person","@id":"https:\/\/hasparren.fr\/#\/schema\/person\/da1441aa8e4ef3cb9bc163683a473a65","name":"Jonathan Ade-urban"}]}},"publishpress_future_action":{"enabled":false,"date":"2026-05-08 03:04:07","action":"change-status","newStatus":"draft","terms":[],"taxonomy":"category","extraData":[]},"publishpress_future_workflow_manual_trigger":{"enabledWorkflows":[]},"_links":{"self":[{"href":"https:\/\/hasparren.fr\/eu\/wp-json\/wp\/v2\/posts\/14257","targetHints":{"allow":["GET"]}}],"collection":[{"href":"https:\/\/hasparren.fr\/eu\/wp-json\/wp\/v2\/posts"}],"about":[{"href":"https:\/\/hasparren.fr\/eu\/wp-json\/wp\/v2\/types\/post"}],"author":[{"embeddable":true,"href":"https:\/\/hasparren.fr\/eu\/wp-json\/wp\/v2\/users\/14"}],"replies":[{"embeddable":true,"href":"https:\/\/hasparren.fr\/eu\/wp-json\/wp\/v2\/comments?post=14257"}],"version-history":[{"count":2,"href":"https:\/\/hasparren.fr\/eu\/wp-json\/wp\/v2\/posts\/14257\/revisions"}],"predecessor-version":[{"id":14259,"href":"https:\/\/hasparren.fr\/eu\/wp-json\/wp\/v2\/posts\/14257\/revisions\/14259"}],"wp:featuredmedia":[{"embeddable":true,"href":"https:\/\/hasparren.fr\/eu\/wp-json\/wp\/v2\/media\/13133"}],"wp:attachment":[{"href":"https:\/\/hasparren.fr\/eu\/wp-json\/wp\/v2\/media?parent=14257"}],"wp:term":[{"taxonomy":"category","embeddable":true,"href":"https:\/\/hasparren.fr\/eu\/wp-json\/wp\/v2\/categories?post=14257"},{"taxonomy":"post_tag","embeddable":true,"href":"https:\/\/hasparren.fr\/eu\/wp-json\/wp\/v2\/tags?post=14257"}],"curies":[{"name":"wp","href":"https:\/\/api.w.org\/{rel}","templated":true}]}}