{"id":14471,"date":"2020-11-20T10:05:04","date_gmt":"2020-11-20T09:05:04","guid":{"rendered":"http:\/\/s864240641.onlinehome.fr\/NewWp\/?p=14471"},"modified":"2026-03-02T11:03:57","modified_gmt":"2026-03-02T10:03:57","slug":"agenda-des-evenements","status":"publish","type":"post","link":"https:\/\/hasparren.fr\/eu\/agenda-des-evenements\/","title":{"rendered":"Agenda des \u00e9v\u00e8nements"},"content":{"rendered":"<!=========Grid View Template 2.9.6=========><div id=\"ect-grid-wrapper\" class=\"tect-grid-wrapper ect-grid-view-style-1 all\"><div class=\"row\"><div id = \"event-49446\" class=\"ect-grid-event style-1 ect-simple-event col-md-3\" itemscope itemtype=\"http:\/\/schema.org\/Event\">\r\n                <div class=\"ect-grid-event-area\">\r\n                <meta itemprop=\"name\" content=\"Exposition IZAMBRE\">\r\n                <meta itemprop=\"image\" content=\"https:\/\/hasparren.fr\/wp-content\/uploads\/2021\/06\/event-template-bg-1.png\">\r\n                <meta itemprop=\"description\" content=\"En salle Pierre Choribit, une double exposition - Cr\u00e9ation de bijoux &amp; Peinture -\u00a0 se teindra du 17 au 23 ao\u00fbt 2026 de 9h \u00e0 17h. &nbsp; &nbsp; &nbsp; &nbsp;\"><div class=\"ect-grid-image\">\r\n                <a href=\"https:\/\/hasparren.fr\/eu\/evenement\/exposition-izambre\/\">\r\n                <img decoding=\"async\" src=\"https:\/\/hasparren.fr\/wp-content\/uploads\/2021\/06\/event-template-bg-1.png\" title=\"Exposition IZAMBRE\" alt=\"Exposition IZAMBRE\">\r\n                <\/a><\/div><div class=\"ect-grid-date\">\r\n                <div class=\"ect-date-area grid-view-schedule\" itemprop=\"startDate\" content=\"2026-04-27CEST8:00\">\r\n\t\t\t\t\t\t\t<span class=\"ev-day\">27<\/span>\r\n\t\t\t\t\t\t\t<span class=\"ev-mo\">apirila<\/span>\r\n\t\t\t\t\t\t\t<span class=\"ev-yr\">2026<\/span>\r\n\t\t\t\t\t\t\t<span class=\"ev-time\"><span class=\"ect-icon\"><i class=\"ect-icon-clock\" aria-hidden=\"true\"><\/i><\/span> 8:00 - 17:00<\/span>\r\n\t\t\t\t\t\t\t<\/div>\r\n\t\t\t\t\t\t\t<meta itemprop=\"endDate\" content=\"2026-04-27CEST5:00\">\r\n                <\/div><div class=\"ect-grid-title\"><h4><a class=\"ect-event-url\" href=\"https:\/\/hasparren.fr\/eu\/evenement\/exposition-izambre\/\" rel=\"bookmark\">Exposition IZAMBRE<\/a><\/h4><\/div><div class=\"ect-grid-description\">\r\n    <!-- Event Content --><div class=\"ect-event-content\" itemprop=\"description\" content=\"En salle Pierre Choribit, une double exposition - Cr\u00e9ation de bijoux &amp; Peinture -\u00a0 se teindra du 17 au 23 ao\u00fbt 2026 de 9h \u00e0 17h. &nbsp; &nbsp; &nbsp; &nbsp;\"><p>En salle Pierre Choribit, une double exposition - Cr\u00e9ation de bijoux &amp; Peinture -\u00a0 se teindra du 17 au 23 ao\u00fbt 2026 de 9h \u00e0 17h. &nbsp; &nbsp; &nbsp; &nbsp;<\/p>\n<a href=\"https:\/\/hasparren.fr\/eu\/evenement\/exposition-izambre\/\" class=\"ect-events-read-more\" rel=\"bookmark\">Find out more &raquo;<\/a><\/div><\/div><div class=\"ect-grid-readmore full-view\">\r\n                  <a href=\"https:\/\/hasparren.fr\/eu\/evenement\/exposition-izambre\/\" title=\"Exposition IZAMBRE\" rel=\"bookmark\">Find out more<\/a>\r\n                  <\/div><\/div><\/div><div id = \"event-48839\" class=\"ect-grid-event style-1 ect-simple-event col-md-3\" itemscope itemtype=\"http:\/\/schema.org\/Event\">\r\n                <div class=\"ect-grid-event-area\">\r\n                <meta itemprop=\"name\" content=\"Boomerang\">\r\n                <meta itemprop=\"image\" content=\"https:\/\/hasparren.fr\/wp-content\/uploads\/2026\/03\/gabariis-agenda-Prunelle-Giordano-1054x600.jpg\">\r\n                <meta itemprop=\"description\" content=\"Seule-en-sc\u00e8ne, une com\u00e9dienne pour quinze personnages. Mardi 28 avril \u00e0 partir 18h30, r\u00e9galez-vous au rythme des interpr\u00e9tations de Prunelle Giordano de la &quot;M\u00e9chante Compagnie&quot; \u00e0 la chapelle du Sacr\u00e9 Coeur [&hellip;]\"><div class=\"ect-grid-image\">\r\n                <a href=\"https:\/\/hasparren.fr\/eu\/evenement\/boomerang\/\">\r\n                <img decoding=\"async\" src=\"https:\/\/hasparren.fr\/wp-content\/uploads\/2026\/03\/gabariis-agenda-Prunelle-Giordano-1054x600.jpg\" title=\"Boomerang\" alt=\"Boomerang\">\r\n                <\/a><\/div><div class=\"ect-grid-date\">\r\n                <div class=\"ect-date-area grid-view-schedule\" itemprop=\"startDate\" content=\"2026-04-28CEST6:30\">\r\n\t\t\t\t\t\t\t<span class=\"ev-day\">28<\/span>\r\n\t\t\t\t\t\t\t<span class=\"ev-mo\">apirila<\/span>\r\n\t\t\t\t\t\t\t<span class=\"ev-yr\">2026<\/span>\r\n\t\t\t\t\t\t\t<span class=\"ev-time\"><span class=\"ect-icon\"><i class=\"ect-icon-clock\" aria-hidden=\"true\"><\/i><\/span> 18:30 - 19:30<\/span>\r\n\t\t\t\t\t\t\t<\/div>\r\n\t\t\t\t\t\t\t<meta itemprop=\"endDate\" content=\"2026-04-28CEST7:30\">\r\n                <\/div><div class=\"ect-grid-title\"><h4><a class=\"ect-event-url\" href=\"https:\/\/hasparren.fr\/eu\/evenement\/boomerang\/\" rel=\"bookmark\">Boomerang<\/a><\/h4><\/div><div class=\"ect-grid-venue\"><div class=\"grid-view-venue\"><span class=\"ect-icon\"><i class=\"ect-icon-location\" aria-hidden=\"true\"><\/i><\/span><!-- Venue Display Info -->\r\n                <span class=\"ect-venue-details ect-address\">\r\n                \r\n                <div>\r\n                Chapelle Sacr\u00e9 Coeur,<span class=\"tribe-address\">\n\n\n\n\n\n\n<\/span>\n<\/div><\/span><\/div><\/div><div class=\"ect-grid-description\">\r\n    <!-- Event Content --><div class=\"ect-event-content\" itemprop=\"description\" content=\"Seule-en-sc\u00e8ne, une com\u00e9dienne pour quinze personnages. Mardi 28 avril \u00e0 partir 18h30, r\u00e9galez-vous au rythme des interpr\u00e9tations de Prunelle Giordano de la &quot;M\u00e9chante Compagnie&quot; \u00e0 la chapelle du Sacr\u00e9 Coeur [&hellip;]\"><p>Seule-en-sc\u00e8ne, une com\u00e9dienne pour quinze personnages. Mardi 28 avril \u00e0 partir 18h30, r\u00e9galez-vous au rythme des interpr\u00e9tations de Prunelle Giordano de la \"M\u00e9chante Compagnie\" \u00e0 la chapelle du Sacr\u00e9 Coeur [&hellip;]<\/p>\n<a href=\"https:\/\/hasparren.fr\/eu\/evenement\/boomerang\/\" class=\"ect-events-read-more\" rel=\"bookmark\">Find out more &raquo;<\/a><\/div><\/div><div class=\"ect-grid-cost\"><div class=\"ect-rate-area\">\r\n                <span class=\"ect-icon\"><i class=\"ect-icon-ticket\" aria-hidden=\"true\"><\/i><\/span>\r\n                <span class=\"ect-rate\">\u20ac5<\/span>\r\n                <\/div><\/div>\r\n                  <div class=\"ect-grid-readmore\">\r\n                  <a href=\"https:\/\/hasparren.fr\/eu\/evenement\/boomerang\/\" title=\"Boomerang\" rel=\"bookmark\">Find out more<\/a>\r\n                  <\/div><\/div><\/div><div id = \"event-48844\" class=\"ect-grid-event style-1 ect-simple-event col-md-3\" itemscope itemtype=\"http:\/\/schema.org\/Event\">\r\n                <div class=\"ect-grid-event-area\">\r\n                <meta itemprop=\"name\" content=\"Promenons-nous dans les bois ! (Tralalalalalala&#8230;)\">\r\n                <meta itemprop=\"image\" content=\"https:\/\/hasparren.fr\/wp-content\/uploads\/2026\/03\/fany-comptines-_1_.jpg\">\r\n                <meta itemprop=\"description\" content=\"Dans le cadre de la troisi\u00e8me \u00e9dition de Kaperaldi, \u00a0\u00e0 10h30 le mercredi 29 avril \u00e0 la Chapelle du Sacr\u00e9-Coeur, un spectacle participatif pour les petits bouts de choux, \u00e9crit, [&hellip;]\"><div class=\"ect-grid-image\">\r\n                <a href=\"https:\/\/hasparren.fr\/eu\/evenement\/promenons-nous-dans-les-bois-tralalalalalala\/\">\r\n                <img decoding=\"async\" src=\"https:\/\/hasparren.fr\/wp-content\/uploads\/2026\/03\/fany-comptines-_1_.jpg\" title=\"Promenons-nous dans les bois ! (Tralalalalalala&#8230;)\" alt=\"Promenons-nous dans les bois ! (Tralalalalalala&#8230;)\">\r\n                <\/a><\/div><div class=\"ect-grid-date\">\r\n                <div class=\"ect-date-area grid-view-schedule\" itemprop=\"startDate\" content=\"2026-04-29CEST10:30\">\r\n\t\t\t\t\t\t\t<span class=\"ev-day\">29<\/span>\r\n\t\t\t\t\t\t\t<span class=\"ev-mo\">apirila<\/span>\r\n\t\t\t\t\t\t\t<span class=\"ev-yr\">2026<\/span>\r\n\t\t\t\t\t\t\t<span class=\"ev-time\"><span class=\"ect-icon\"><i class=\"ect-icon-clock\" aria-hidden=\"true\"><\/i><\/span> 10:30 - 11:00<\/span>\r\n\t\t\t\t\t\t\t<\/div>\r\n\t\t\t\t\t\t\t<meta itemprop=\"endDate\" content=\"2026-04-29CEST11:00\">\r\n                <\/div><div class=\"ect-grid-title\"><h4><a class=\"ect-event-url\" href=\"https:\/\/hasparren.fr\/eu\/evenement\/promenons-nous-dans-les-bois-tralalalalalala\/\" rel=\"bookmark\">Promenons-nous dans les bois ! (Tralalalalalala&#8230;)<\/a><\/h4><\/div><div class=\"ect-grid-venue\"><div class=\"grid-view-venue\"><span class=\"ect-icon\"><i class=\"ect-icon-location\" aria-hidden=\"true\"><\/i><\/span><!-- Venue Display Info -->\r\n                <span class=\"ect-venue-details ect-address\">\r\n                \r\n                <div>\r\n                Chapelle Sacr\u00e9 Coeur,<span class=\"tribe-address\">\n\n\n\n\n\n\n<\/span>\n<\/div><\/span><\/div><\/div><div class=\"ect-grid-description\">\r\n    <!-- Event Content --><div class=\"ect-event-content\" itemprop=\"description\" content=\"Dans le cadre de la troisi\u00e8me \u00e9dition de Kaperaldi, \u00a0\u00e0 10h30 le mercredi 29 avril \u00e0 la Chapelle du Sacr\u00e9-Coeur, un spectacle participatif pour les petits bouts de choux, \u00e9crit, [&hellip;]\"><p>Dans le cadre de la troisi\u00e8me \u00e9dition de Kaperaldi, \u00a0\u00e0 10h30 le mercredi 29 avril \u00e0 la Chapelle du Sacr\u00e9-Coeur, un spectacle participatif pour les petits bouts de choux, \u00e9crit, [&hellip;]<\/p>\n<a href=\"https:\/\/hasparren.fr\/eu\/evenement\/promenons-nous-dans-les-bois-tralalalalalala\/\" class=\"ect-events-read-more\" rel=\"bookmark\">Find out more &raquo;<\/a><\/div><\/div><div class=\"ect-grid-readmore full-view\">\r\n                  <a href=\"https:\/\/hasparren.fr\/eu\/evenement\/promenons-nous-dans-les-bois-tralalalalalala\/\" title=\"Promenons-nous dans les bois ! (Tralalalalalala&#8230;)\" rel=\"bookmark\">Find out more<\/a>\r\n                  <\/div><\/div><\/div><div id = \"event-48852\" class=\"ect-grid-event style-1 ect-simple-event col-md-3\" itemscope itemtype=\"http:\/\/schema.org\/Event\">\r\n                <div class=\"ect-grid-event-area\">\r\n                <meta itemprop=\"name\" content=\"Conf\u00e9rence d&#8217;histoire de l&#8217;Art &#8211; &#8220;cacher\/montrer\/r\u00e9v\u00e9ler&#8221;\">\r\n                <meta itemprop=\"image\" content=\"https:\/\/hasparren.fr\/wp-content\/uploads\/2026\/03\/gabariis-agenda-jean-phi-Merce-kaperaldi-1054x600.jpg\">\r\n                <meta itemprop=\"description\" content=\"Mercredi 29 avril \u00e0 partir de 18h30, la chapelle du Sacr\u00e9 Coeur accueil une conf\u00e9rence de Jean-Philippe Merc\u00e9 avec en th\u00e8me : Cacher \/ montrer \/ R\u00e9v\u00e9ler. &nbsp; Le public [&hellip;]\"><div class=\"ect-grid-image\">\r\n                <a href=\"https:\/\/hasparren.fr\/eu\/evenement\/conference-dhistoire-de-lart-cacher-montrer-reveler\/\">\r\n                <img decoding=\"async\" src=\"https:\/\/hasparren.fr\/wp-content\/uploads\/2026\/03\/gabariis-agenda-jean-phi-Merce-kaperaldi-1054x600.jpg\" title=\"Conf\u00e9rence d&#8217;histoire de l&#8217;Art &#8211; &#8220;cacher\/montrer\/r\u00e9v\u00e9ler&#8221;\" alt=\"Conf\u00e9rence d&#8217;histoire de l&#8217;Art &#8211; &#8220;cacher\/montrer\/r\u00e9v\u00e9ler&#8221;\">\r\n                <\/a><\/div><div class=\"ect-grid-date\">\r\n                <div class=\"ect-date-area grid-view-schedule\" itemprop=\"startDate\" content=\"2026-04-29CEST6:30\">\r\n\t\t\t\t\t\t\t<span class=\"ev-day\">29<\/span>\r\n\t\t\t\t\t\t\t<span class=\"ev-mo\">apirila<\/span>\r\n\t\t\t\t\t\t\t<span class=\"ev-yr\">2026<\/span>\r\n\t\t\t\t\t\t\t<span class=\"ev-time\"><span class=\"ect-icon\"><i class=\"ect-icon-clock\" aria-hidden=\"true\"><\/i><\/span> 18:30 - 20:00<\/span>\r\n\t\t\t\t\t\t\t<\/div>\r\n\t\t\t\t\t\t\t<meta itemprop=\"endDate\" content=\"2026-04-29CEST8:00\">\r\n                <\/div><div class=\"ect-grid-title\"><h4><a class=\"ect-event-url\" href=\"https:\/\/hasparren.fr\/eu\/evenement\/conference-dhistoire-de-lart-cacher-montrer-reveler\/\" rel=\"bookmark\">Conf\u00e9rence d&#8217;histoire de l&#8217;Art &#8211; &#8220;cacher\/montrer\/r\u00e9v\u00e9ler&#8221;<\/a><\/h4><\/div><div class=\"ect-grid-venue\"><div class=\"grid-view-venue\"><span class=\"ect-icon\"><i class=\"ect-icon-location\" aria-hidden=\"true\"><\/i><\/span><!-- Venue Display Info -->\r\n                <span class=\"ect-venue-details ect-address\">\r\n                \r\n                <div>\r\n                Chapelle Sacr\u00e9 Coeur,<span class=\"tribe-address\">\n\n\n\n\n\n\n<\/span>\n<\/div><\/span><\/div><\/div><div class=\"ect-grid-description\">\r\n    <!-- Event Content --><div class=\"ect-event-content\" itemprop=\"description\" content=\"Mercredi 29 avril \u00e0 partir de 18h30, la chapelle du Sacr\u00e9 Coeur accueil une conf\u00e9rence de Jean-Philippe Merc\u00e9 avec en th\u00e8me : Cacher \/ montrer \/ R\u00e9v\u00e9ler. &nbsp; Le public [&hellip;]\"><p>Mercredi 29 avril \u00e0 partir de 18h30, la chapelle du Sacr\u00e9 Coeur accueil une conf\u00e9rence de Jean-Philippe Merc\u00e9 avec en th\u00e8me : Cacher \/ montrer \/ R\u00e9v\u00e9ler. &nbsp; Le public [&hellip;]<\/p>\n<a href=\"https:\/\/hasparren.fr\/eu\/evenement\/conference-dhistoire-de-lart-cacher-montrer-reveler\/\" class=\"ect-events-read-more\" rel=\"bookmark\">Find out more &raquo;<\/a><\/div><\/div><div class=\"ect-grid-cost\"><div class=\"ect-rate-area\">\r\n                <span class=\"ect-icon\"><i class=\"ect-icon-ticket\" aria-hidden=\"true\"><\/i><\/span>\r\n                <span class=\"ect-rate\">5\u20ac<\/span>\r\n                <\/div><\/div>\r\n                  <div class=\"ect-grid-readmore\">\r\n                  <a href=\"https:\/\/hasparren.fr\/eu\/evenement\/conference-dhistoire-de-lart-cacher-montrer-reveler\/\" title=\"Conf\u00e9rence d&#8217;histoire de l&#8217;Art &#8211; &#8220;cacher\/montrer\/r\u00e9v\u00e9ler&#8221;\" rel=\"bookmark\">Find out more<\/a>\r\n                  <\/div><\/div><\/div><div id = \"event-48859\" class=\"ect-grid-event style-1 ect-simple-event col-md-3\" itemscope itemtype=\"http:\/\/schema.org\/Event\">\r\n                <div class=\"ect-grid-event-area\">\r\n                <meta itemprop=\"name\" content=\"KANTALDI AVEC GURA SHOW\">\r\n                <meta itemprop=\"image\" content=\"https:\/\/hasparren.fr\/wp-content\/uploads\/2026\/03\/gabariis-agenda-gura-show-1054x600.jpg\">\r\n                <meta itemprop=\"description\" content=\"Pour cl\u00f4turer la troisi\u00e8me \u00e9dition de Kaperaldi, jeudi 30 avril \u00e0 partir de 18h30, venez vous r\u00e9galer au son du Kantaldi de GuraShow ! &nbsp; Un groupe polyphonique basque original. [&hellip;]\"><div class=\"ect-grid-image\">\r\n                <a href=\"https:\/\/hasparren.fr\/eu\/evenement\/kantaldi-avec-gura-show\/\">\r\n                <img decoding=\"async\" src=\"https:\/\/hasparren.fr\/wp-content\/uploads\/2026\/03\/gabariis-agenda-gura-show-1054x600.jpg\" title=\"KANTALDI AVEC GURA SHOW\" alt=\"KANTALDI AVEC GURA SHOW\">\r\n                <\/a><\/div><div class=\"ect-grid-date\">\r\n                <div class=\"ect-date-area grid-view-schedule\" itemprop=\"startDate\" content=\"2026-04-30CEST6:30\">\r\n\t\t\t\t\t\t\t<span class=\"ev-day\">30<\/span>\r\n\t\t\t\t\t\t\t<span class=\"ev-mo\">apirila<\/span>\r\n\t\t\t\t\t\t\t<span class=\"ev-yr\">2026<\/span>\r\n\t\t\t\t\t\t\t<span class=\"ev-time\"><span class=\"ect-icon\"><i class=\"ect-icon-clock\" aria-hidden=\"true\"><\/i><\/span> 18:30 - 20:30<\/span>\r\n\t\t\t\t\t\t\t<\/div>\r\n\t\t\t\t\t\t\t<meta itemprop=\"endDate\" content=\"2026-04-30CEST8:30\">\r\n                <\/div><div class=\"ect-grid-title\"><h4><a class=\"ect-event-url\" href=\"https:\/\/hasparren.fr\/eu\/evenement\/kantaldi-avec-gura-show\/\" rel=\"bookmark\">KANTALDI AVEC GURA SHOW<\/a><\/h4><\/div><div class=\"ect-grid-venue\"><div class=\"grid-view-venue\"><span class=\"ect-icon\"><i class=\"ect-icon-location\" aria-hidden=\"true\"><\/i><\/span><!-- Venue Display Info -->\r\n                <span class=\"ect-venue-details ect-address\">\r\n                \r\n                <div>\r\n                Chapelle Sacr\u00e9 Coeur,<span class=\"tribe-address\">\n\n\n\n\n\n\n<\/span>\n<\/div><\/span><\/div><\/div><div class=\"ect-grid-description\">\r\n    <!-- Event Content --><div class=\"ect-event-content\" itemprop=\"description\" content=\"Pour cl\u00f4turer la troisi\u00e8me \u00e9dition de Kaperaldi, jeudi 30 avril \u00e0 partir de 18h30, venez vous r\u00e9galer au son du Kantaldi de GuraShow ! &nbsp; Un groupe polyphonique basque original. [&hellip;]\"><p>Pour cl\u00f4turer la troisi\u00e8me \u00e9dition de Kaperaldi, jeudi 30 avril \u00e0 partir de 18h30, venez vous r\u00e9galer au son du Kantaldi de GuraShow ! &nbsp; Un groupe polyphonique basque original. [&hellip;]<\/p>\n<a href=\"https:\/\/hasparren.fr\/eu\/evenement\/kantaldi-avec-gura-show\/\" class=\"ect-events-read-more\" rel=\"bookmark\">Find out more &raquo;<\/a><\/div><\/div><div class=\"ect-grid-cost\"><div class=\"ect-rate-area\">\r\n                <span class=\"ect-icon\"><i class=\"ect-icon-ticket\" aria-hidden=\"true\"><\/i><\/span>\r\n                <span class=\"ect-rate\">10\u20ac<\/span>\r\n                <\/div><\/div>\r\n                  <div class=\"ect-grid-readmore\">\r\n                  <a href=\"https:\/\/hasparren.fr\/eu\/evenement\/kantaldi-avec-gura-show\/\" title=\"KANTALDI AVEC GURA SHOW\" rel=\"bookmark\">Find out more<\/a>\r\n                  <\/div><\/div><\/div><div id = \"event-47695\" class=\"ect-grid-event style-1 ect-simple-event col-md-3\" itemscope itemtype=\"http:\/\/schema.org\/Event\">\r\n                <div class=\"ect-grid-event-area\">\r\n                <meta itemprop=\"name\" content=\"Tournoi de mus\">\r\n                <meta itemprop=\"image\" content=\"https:\/\/hasparren.fr\/wp-content\/uploads\/2021\/06\/event-template-bg-1.png\">\r\n                <meta itemprop=\"description\" content=\"Tournoi de mus\"><div class=\"ect-grid-image\">\r\n                <a href=\"https:\/\/hasparren.fr\/eu\/evenement\/tournoi-de-mus-9\/\">\r\n                <img decoding=\"async\" src=\"https:\/\/hasparren.fr\/wp-content\/uploads\/2021\/06\/event-template-bg-1.png\" title=\"Tournoi de mus\" alt=\"Tournoi de mus\">\r\n                <\/a><\/div><div class=\"ect-grid-date\">\r\n                <div class=\"ect-date-area grid-view-schedule\" itemprop=\"startDate\" content=\"2026-05-01CEST11:00\">\r\n\t\t\t\t\t\t\t<span class=\"ev-day\">01<\/span>\r\n\t\t\t\t\t\t\t<span class=\"ev-mo\">maiatza<\/span>\r\n\t\t\t\t\t\t\t<span class=\"ev-yr\">2026<\/span>\r\n\t\t\t\t\t\t\t<span class=\"ev-time\"><span class=\"ect-icon\"><i class=\"ect-icon-clock\" aria-hidden=\"true\"><\/i><\/span> 11:00 - 23:00<\/span>\r\n\t\t\t\t\t\t\t<\/div>\r\n\t\t\t\t\t\t\t<meta itemprop=\"endDate\" content=\"2026-05-01CEST11:00\">\r\n                <\/div><div class=\"ect-grid-title\"><h4><a class=\"ect-event-url\" href=\"https:\/\/hasparren.fr\/eu\/evenement\/tournoi-de-mus-9\/\" rel=\"bookmark\">Tournoi de mus<\/a><\/h4><\/div><div class=\"ect-grid-venue\"><div class=\"grid-view-venue\"><span class=\"ect-icon\"><i class=\"ect-icon-location\" aria-hidden=\"true\"><\/i><\/span><!-- Venue Display Info -->\r\n                <span class=\"ect-venue-details ect-address\">\r\n                \r\n                <div>\r\n                Mendeala,<span class=\"tribe-address\">\n\n\n\n\n\n\n<\/span>\n<\/div><\/span><\/div><\/div><div class=\"ect-grid-description\">\r\n    <!-- Event Content --><div class=\"ect-event-content\" itemprop=\"description\" content=\"Tournoi de mus\"><p>Tournoi de mus<\/p>\n<a href=\"https:\/\/hasparren.fr\/eu\/evenement\/tournoi-de-mus-9\/\" class=\"ect-events-read-more\" rel=\"bookmark\">Find out more &raquo;<\/a><\/div><\/div><div class=\"ect-grid-readmore full-view\">\r\n                  <a href=\"https:\/\/hasparren.fr\/eu\/evenement\/tournoi-de-mus-9\/\" title=\"Tournoi de mus\" rel=\"bookmark\">Find out more<\/a>\r\n                  <\/div><\/div><\/div><div id = \"event-47694\" class=\"ect-grid-event style-1 ect-simple-event col-md-3\" itemscope itemtype=\"http:\/\/schema.org\/Event\">\r\n                <div class=\"ect-grid-event-area\">\r\n                <meta itemprop=\"name\" content=\"Concert Kelly Aura\">\r\n                <meta itemprop=\"image\" content=\"https:\/\/hasparren.fr\/wp-content\/uploads\/2025\/11\/gabariis-agenda-Kelly-Aura-1-1054x600.jpg\">\r\n                <meta itemprop=\"description\" content=\"Concert exceptionnel de Kelly Aura ce vendredi 1er mai \u00e0 la chapelle du Sacr\u00e9 Coeur \u00e0 partir de 19h00 &nbsp; Kelly Aura, alchimiste de la voix, vous invite \u00e0 un [&hellip;]\"><div class=\"ect-grid-image\">\r\n                <a href=\"https:\/\/hasparren.fr\/eu\/evenement\/concert-2\/\">\r\n                <img decoding=\"async\" src=\"https:\/\/hasparren.fr\/wp-content\/uploads\/2025\/11\/gabariis-agenda-Kelly-Aura-1-1054x600.jpg\" title=\"Concert Kelly Aura\" alt=\"Concert Kelly Aura\">\r\n                <\/a><\/div><div class=\"ect-grid-date\">\r\n                <div class=\"ect-date-area grid-view-schedule\" itemprop=\"startDate\" content=\"2026-05-01CEST7:00\">\r\n\t\t\t\t\t\t\t<span class=\"ev-day\">01<\/span>\r\n\t\t\t\t\t\t\t<span class=\"ev-mo\">maiatza<\/span>\r\n\t\t\t\t\t\t\t<span class=\"ev-yr\">2026<\/span>\r\n\t\t\t\t\t\t\t<span class=\"ev-time\"><span class=\"ect-icon\"><i class=\"ect-icon-clock\" aria-hidden=\"true\"><\/i><\/span> 19:00 - 21:00<\/span>\r\n\t\t\t\t\t\t\t<\/div>\r\n\t\t\t\t\t\t\t<meta itemprop=\"endDate\" content=\"2026-05-01CEST9:00\">\r\n                <\/div><div class=\"ect-grid-title\"><h4><a class=\"ect-event-url\" href=\"https:\/\/hasparren.fr\/eu\/evenement\/concert-2\/\" rel=\"bookmark\">Concert Kelly Aura<\/a><\/h4><\/div><div class=\"ect-grid-venue\"><div class=\"grid-view-venue\"><span class=\"ect-icon\"><i class=\"ect-icon-location\" aria-hidden=\"true\"><\/i><\/span><!-- Venue Display Info -->\r\n                <span class=\"ect-venue-details ect-address\">\r\n                \r\n                <div>\r\n                Chapelle Sacr\u00e9 Coeur,<span class=\"tribe-address\">\n\n\n\n\n\n\n<\/span>\n<\/div><\/span><\/div><\/div><div class=\"ect-grid-description\">\r\n    <!-- Event Content --><div class=\"ect-event-content\" itemprop=\"description\" content=\"Concert exceptionnel de Kelly Aura ce vendredi 1er mai \u00e0 la chapelle du Sacr\u00e9 Coeur \u00e0 partir de 19h00 &nbsp; Kelly Aura, alchimiste de la voix, vous invite \u00e0 un [&hellip;]\"><p>Concert exceptionnel de Kelly Aura ce vendredi 1er mai \u00e0 la chapelle du Sacr\u00e9 Coeur \u00e0 partir de 19h00 &nbsp; Kelly Aura, alchimiste de la voix, vous invite \u00e0 un [&hellip;]<\/p>\n<a href=\"https:\/\/hasparren.fr\/eu\/evenement\/concert-2\/\" class=\"ect-events-read-more\" rel=\"bookmark\">Find out more &raquo;<\/a><\/div><\/div><div class=\"ect-grid-readmore full-view\">\r\n                  <a href=\"https:\/\/hasparren.fr\/eu\/evenement\/concert-2\/\" title=\"Concert Kelly Aura\" rel=\"bookmark\">Find out more<\/a>\r\n                  <\/div><\/div><\/div><div id = \"event-47696\" class=\"ect-grid-event style-1 ect-simple-event col-md-3\" itemscope itemtype=\"http:\/\/schema.org\/Event\">\r\n                <div class=\"ect-grid-event-area\">\r\n                <meta itemprop=\"name\" content=\"F\u00eates d&#8217;Urcuray\">\r\n                <meta itemprop=\"image\" content=\"https:\/\/hasparren.fr\/wp-content\/uploads\/2021\/06\/event-template-bg-1.png\">\r\n                <meta itemprop=\"description\" content=\"F\u00eates d&#039;Urcuray (plus d&#039;informations \u00e0 venir)\"><div class=\"ect-grid-image\">\r\n                <a href=\"https:\/\/hasparren.fr\/eu\/evenement\/fetes-durcuray\/\">\r\n                <img decoding=\"async\" src=\"https:\/\/hasparren.fr\/wp-content\/uploads\/2021\/06\/event-template-bg-1.png\" title=\"F\u00eates d&#8217;Urcuray\" alt=\"F\u00eates d&#8217;Urcuray\">\r\n                <\/a><\/div><div class=\"ect-grid-date\">\r\n                <div class=\"ect-date-area grid-view-schedule\" itemprop=\"startDate\" content=\"2026-05-02CEST12:00\">\r\n\t\t\t\t\t\t\t<span class=\"ev-day\">02<\/span>\r\n\t\t\t\t\t\t\t<span class=\"ev-mo\">maiatza<\/span>\r\n\t\t\t\t\t\t\t<span class=\"ev-yr\">2026<\/span>\r\n\t\t\t\t\t\t\t<span class=\"ev-time\"><span class=\"ect-icon\"><i class=\"ect-icon-clock\" aria-hidden=\"true\"><\/i><\/span> 2 maiatza 2026 - 3 maiatza 2026<\/span>\r\n\t\t\t\t\t\t\t<\/div>\r\n\t\t\t\t\t\t\t<meta itemprop=\"endDate\" content=\"2026-05-03CEST11:59\">\r\n                <\/div><div class=\"ect-grid-title\"><h4><a class=\"ect-event-url\" href=\"https:\/\/hasparren.fr\/eu\/evenement\/fetes-durcuray\/\" rel=\"bookmark\">F\u00eates d&#8217;Urcuray<\/a><\/h4><\/div><div class=\"ect-grid-venue\"><div class=\"grid-view-venue\"><span class=\"ect-icon\"><i class=\"ect-icon-location\" aria-hidden=\"true\"><\/i><\/span><!-- Venue Display Info -->\r\n                <span class=\"ect-venue-details ect-address\">\r\n                \r\n                <div>\r\n                Patronage &#038; Fronton Urcuray,<span class=\"tribe-address\">\n\n\n\n\n\n\n<\/span>\n<\/div><\/span><\/div><\/div><div class=\"ect-grid-description\">\r\n    <!-- Event Content --><div class=\"ect-event-content\" itemprop=\"description\" content=\"F\u00eates d&#039;Urcuray (plus d&#039;informations \u00e0 venir)\"><p>F\u00eates d'Urcuray (plus d'informations \u00e0 venir)<\/p>\n<a href=\"https:\/\/hasparren.fr\/eu\/evenement\/fetes-durcuray\/\" class=\"ect-events-read-more\" rel=\"bookmark\">Find out more &raquo;<\/a><\/div><\/div><div class=\"ect-grid-readmore full-view\">\r\n                  <a href=\"https:\/\/hasparren.fr\/eu\/evenement\/fetes-durcuray\/\" title=\"F\u00eates d&#8217;Urcuray\" rel=\"bookmark\">Find out more<\/a>\r\n                  <\/div><\/div><\/div><div id = \"event-47708\" class=\"ect-grid-event style-1 ect-simple-event col-md-3\" itemscope itemtype=\"http:\/\/schema.org\/Event\">\r\n                <div class=\"ect-grid-event-area\">\r\n                <meta itemprop=\"name\" content=\"F\u00eates de Paxkoenia\">\r\n                <meta itemprop=\"image\" content=\"https:\/\/hasparren.fr\/wp-content\/uploads\/2026\/04\/gabariis-agenda-fete-urcuray-1054x600.jpg\">\r\n                <meta itemprop=\"description\" content=\"Premier weekend des f\u00eates des quartiers Urcuray et Paxkoenea :\u00a0 samedi 02 mai et dimanche 03.\u00a0Rendez-vous d\u00e8s le premier jour au patronage du quartier Urcuray pour une soir\u00e9e de concerts [&hellip;]\"><div class=\"ect-grid-image\">\r\n                <a href=\"https:\/\/hasparren.fr\/eu\/evenement\/fetes-de-paxkoenia\/\">\r\n                <img decoding=\"async\" src=\"https:\/\/hasparren.fr\/wp-content\/uploads\/2026\/04\/gabariis-agenda-fete-urcuray-1054x600.jpg\" title=\"F\u00eates de Paxkoenia\" alt=\"F\u00eates de Paxkoenia\">\r\n                <\/a><\/div><div class=\"ect-grid-date\">\r\n                <div class=\"ect-date-area grid-view-schedule\" itemprop=\"startDate\" content=\"2026-05-02CEST12:00\">\r\n\t\t\t\t\t\t\t<span class=\"ev-day\">02<\/span>\r\n\t\t\t\t\t\t\t<span class=\"ev-mo\">maiatza<\/span>\r\n\t\t\t\t\t\t\t<span class=\"ev-yr\">2026<\/span>\r\n\t\t\t\t\t\t\t<span class=\"ev-time\"><span class=\"ect-icon\"><i class=\"ect-icon-clock\" aria-hidden=\"true\"><\/i><\/span> 2 maiatza 2026 - 3 maiatza 2026<\/span>\r\n\t\t\t\t\t\t\t<\/div>\r\n\t\t\t\t\t\t\t<meta itemprop=\"endDate\" content=\"2026-05-03CEST11:59\">\r\n                <\/div><div class=\"ect-grid-title\"><h4><a class=\"ect-event-url\" href=\"https:\/\/hasparren.fr\/eu\/evenement\/fetes-de-paxkoenia\/\" rel=\"bookmark\">F\u00eates de Paxkoenia<\/a><\/h4><\/div><div class=\"ect-grid-venue\"><div class=\"grid-view-venue\"><span class=\"ect-icon\"><i class=\"ect-icon-location\" aria-hidden=\"true\"><\/i><\/span><!-- Venue Display Info -->\r\n                <span class=\"ect-venue-details ect-address\">\r\n                \r\n                <div>\r\n                Quartiers Urcuray &#038; Paxkoenea,<span class=\"tribe-address\">\n\n\n\n\n\n\n<\/span>\n<\/div><\/span><\/div><\/div><div class=\"ect-grid-description\">\r\n    <!-- Event Content --><div class=\"ect-event-content\" itemprop=\"description\" content=\"Premier weekend des f\u00eates des quartiers Urcuray et Paxkoenea :\u00a0 samedi 02 mai et dimanche 03.\u00a0Rendez-vous d\u00e8s le premier jour au patronage du quartier Urcuray pour une soir\u00e9e de concerts [&hellip;]\"><p>Premier weekend des f\u00eates des quartiers Urcuray et Paxkoenea :\u00a0 samedi 02 mai et dimanche 03.\u00a0Rendez-vous d\u00e8s le premier jour au patronage du quartier Urcuray pour une soir\u00e9e de concerts [&hellip;]<\/p>\n<a href=\"https:\/\/hasparren.fr\/eu\/evenement\/fetes-de-paxkoenia\/\" class=\"ect-events-read-more\" rel=\"bookmark\">Find out more &raquo;<\/a><\/div><\/div><div class=\"ect-grid-readmore full-view\">\r\n                  <a href=\"https:\/\/hasparren.fr\/eu\/evenement\/fetes-de-paxkoenia\/\" title=\"F\u00eates de Paxkoenia\" rel=\"bookmark\">Find out more<\/a>\r\n                  <\/div><\/div><\/div><div id = \"event-47697\" class=\"ect-grid-event style-1 ect-simple-event col-md-3\" itemscope itemtype=\"http:\/\/schema.org\/Event\">\r\n                <div class=\"ect-grid-event-area\">\r\n                <meta itemprop=\"name\" content=\"Vide-grenier\">\r\n                <meta itemprop=\"image\" content=\"https:\/\/hasparren.fr\/wp-content\/uploads\/2021\/06\/event-template-bg-1.png\">\r\n                <meta itemprop=\"description\" content=\"Vide-grenier &nbsp; (plus d&#039;informations \u00e0 venir)\"><div class=\"ect-grid-image\">\r\n                <a href=\"https:\/\/hasparren.fr\/eu\/evenement\/vide-grenier-6\/\">\r\n                <img decoding=\"async\" src=\"https:\/\/hasparren.fr\/wp-content\/uploads\/2021\/06\/event-template-bg-1.png\" title=\"Vide-grenier\" alt=\"Vide-grenier\">\r\n                <\/a><\/div><div class=\"ect-grid-date\">\r\n                <div class=\"ect-date-area grid-view-schedule\" itemprop=\"startDate\" content=\"2026-05-03CEST8:00\">\r\n\t\t\t\t\t\t\t<span class=\"ev-day\">03<\/span>\r\n\t\t\t\t\t\t\t<span class=\"ev-mo\">maiatza<\/span>\r\n\t\t\t\t\t\t\t<span class=\"ev-yr\">2026<\/span>\r\n\t\t\t\t\t\t\t<span class=\"ev-time\"><span class=\"ect-icon\"><i class=\"ect-icon-clock\" aria-hidden=\"true\"><\/i><\/span> 8:00 - 18:00<\/span>\r\n\t\t\t\t\t\t\t<\/div>\r\n\t\t\t\t\t\t\t<meta itemprop=\"endDate\" content=\"2026-05-03CEST6:00\">\r\n                <\/div><div class=\"ect-grid-title\"><h4><a class=\"ect-event-url\" href=\"https:\/\/hasparren.fr\/eu\/evenement\/vide-grenier-6\/\" rel=\"bookmark\">Vide-grenier<\/a><\/h4><\/div><div class=\"ect-grid-venue\"><div class=\"grid-view-venue\"><span class=\"ect-icon\"><i class=\"ect-icon-location\" aria-hidden=\"true\"><\/i><\/span><!-- Venue Display Info -->\r\n                <span class=\"ect-venue-details ect-address\">\r\n                \r\n                <div>\r\n                Salle Harana,<span class=\"tribe-address\">\n\n\n\n\n\n\n<\/span>\n<\/div><\/span><\/div><\/div><div class=\"ect-grid-description\">\r\n    <!-- Event Content --><div class=\"ect-event-content\" itemprop=\"description\" content=\"Vide-grenier &nbsp; (plus d&#039;informations \u00e0 venir)\"><p>Vide-grenier &nbsp; (plus d'informations \u00e0 venir)<\/p>\n<a href=\"https:\/\/hasparren.fr\/eu\/evenement\/vide-grenier-6\/\" class=\"ect-events-read-more\" rel=\"bookmark\">Find out more &raquo;<\/a><\/div><\/div><div class=\"ect-grid-readmore full-view\">\r\n                  <a href=\"https:\/\/hasparren.fr\/eu\/evenement\/vide-grenier-6\/\" title=\"Vide-grenier\" rel=\"bookmark\">Find out more<\/a>\r\n                  <\/div><\/div><\/div><\/div><div class=\"ect-load-more style-1\">\r\n                <a href=\"#\" class=\"ect-load-more-btn\">\r\n                <img decoding=\"async\" class=\"ect-preloader\" style=\"display:none;\" src=\"https:\/\/hasparren.fr\/wp-content\/plugins\/the-events-calendar-templates-and-shortcode\/assets\/images\/preloader.svg\"> <span class=\"ect-btn-text\">Load More<\/span><\/a>\r\n                <section data-exclude-events=\"[49446,48839,48844,48852,48859,47695,47694,47696,47708,47697]\"  id=\"ect-lm-settings\" data-load-more=\"Load more\"  data-loaded=\"No Event Found\" \r\n                data-loading=\"Loading\" data-settings={\"hide_venue\":\"no\",\"date_format\":\"full\",\"socialshare\":\"no\",\"template\":\"grid-view\",\"style\":\"style-1\",\"show_description\":\"yes\",\"ect_grid_columns\":\"4\"} data-ajax-url=\"https:\/\/hasparren.fr\/wp-admin\/admin-ajax.php\">\r\n                <\/section>\r\n                <script type=\"application\/json\" id=\"ect-query-arg\">{\"post_status\":\"publish\",\"posts_per_page\":\"10\",\"meta_key\":\"_EventStartDate\",\"orderby\":\"event_date\",\"order\":\"ASC\",\"featured\":\"\",\"meta_query\":[{\"key\":\"_EventEndDate\",\"value\":\"2026-04-27 11:58:11\",\"compare\":\">=\",\"type\":\"DATETIME\"}]}<\/script>\r\n                <\/div><\/div>\n","protected":false},"excerpt":{"rendered":"","protected":false},"author":14,"featured_media":13133,"comment_status":"closed","ping_status":"closed","sticky":false,"template":"","format":"standard","meta":{"_acf_changed":false,"cybocfi_hide_featured_image":"yes","footnotes":""},"categories":[975],"tags":[],"class_list":["post-14471","post","type-post","status-publish","format-standard","has-post-thumbnail","hentry","category-argibide-baliagariak","clearfix"],"acf":[],"yoast_head":"<!-- This site is optimized with the Yoast SEO plugin v27.4 - https:\/\/yoast.com\/product\/yoast-seo-wordpress\/ -->\n<title>Agenda des \u00e9v\u00e8nements - Hasparren, commune du Pays Basque<\/title>\n<meta name=\"description\" content=\"Agenda des \u00e9v\u00e8nements - Hasparren, commune du Pays Basque\" \/>\n<meta name=\"robots\" content=\"index, follow, max-snippet:-1, max-image-preview:large, max-video-preview:-1\" \/>\n<link rel=\"canonical\" href=\"https:\/\/hasparren.fr\/eu\/agenda-des-evenements\/\" \/>\n<meta property=\"og:locale\" content=\"eu_ES\" \/>\n<meta property=\"og:type\" content=\"article\" \/>\n<meta property=\"og:title\" content=\"Agenda des \u00e9v\u00e8nements - Hasparren, commune du Pays Basque\" \/>\n<meta property=\"og:description\" content=\"Agenda des \u00e9v\u00e8nements - Hasparren, commune du Pays Basque\" \/>\n<meta property=\"og:url\" content=\"https:\/\/hasparren.fr\/eu\/agenda-des-evenements\/\" \/>\n<meta property=\"og:site_name\" content=\"Hasparren, commune du Pays Basque\" \/>\n<meta property=\"article:published_time\" content=\"2020-11-20T09:05:04+00:00\" \/>\n<meta property=\"article:modified_time\" content=\"2026-03-02T10:03:57+00:00\" \/>\n<meta property=\"og:image\" content=\"https:\/\/hasparren.fr\/wp-content\/uploads\/2020\/10\/hasparren-categorie-e1605709389335.jpg\" \/>\n\t<meta property=\"og:image:width\" content=\"895\" \/>\n\t<meta property=\"og:image:height\" content=\"443\" \/>\n\t<meta property=\"og:image:type\" content=\"image\/jpeg\" \/>\n<meta name=\"author\" content=\"Jonathan Ade-urban\" \/>\n<meta name=\"twitter:card\" content=\"summary_large_image\" \/>\n<meta name=\"twitter:label1\" content=\"Written by\" \/>\n\t<meta name=\"twitter:data1\" content=\"Jonathan Ade-urban\" \/>\n\t<meta name=\"twitter:label2\" content=\"Est. reading time\" \/>\n\t<meta name=\"twitter:data2\" content=\"1 minutua\" \/>\n<script type=\"application\/ld+json\" class=\"yoast-schema-graph\">{\"@context\":\"https:\\\/\\\/schema.org\",\"@graph\":[{\"@type\":\"Article\",\"@id\":\"https:\\\/\\\/hasparren.fr\\\/eu\\\/agenda-des-evenements\\\/#article\",\"isPartOf\":{\"@id\":\"https:\\\/\\\/hasparren.fr\\\/eu\\\/agenda-des-evenements\\\/\"},\"author\":{\"name\":\"Jonathan Ade-urban\",\"@id\":\"https:\\\/\\\/hasparren.fr\\\/#\\\/schema\\\/person\\\/da1441aa8e4ef3cb9bc163683a473a65\"},\"headline\":\"Agenda des \u00e9v\u00e8nements\",\"datePublished\":\"2020-11-20T09:05:04+00:00\",\"dateModified\":\"2026-03-02T10:03:57+00:00\",\"mainEntityOfPage\":{\"@id\":\"https:\\\/\\\/hasparren.fr\\\/eu\\\/agenda-des-evenements\\\/\"},\"wordCount\":28,\"image\":{\"@id\":\"https:\\\/\\\/hasparren.fr\\\/eu\\\/agenda-des-evenements\\\/#primaryimage\"},\"thumbnailUrl\":\"https:\\\/\\\/hasparren.fr\\\/wp-content\\\/uploads\\\/2020\\\/10\\\/hasparren-categorie-e1605709389335.jpg\",\"articleSection\":[\"Argibide praktikoak\"],\"inLanguage\":\"eu\"},{\"@type\":\"WebPage\",\"@id\":\"https:\\\/\\\/hasparren.fr\\\/eu\\\/agenda-des-evenements\\\/\",\"url\":\"https:\\\/\\\/hasparren.fr\\\/eu\\\/agenda-des-evenements\\\/\",\"name\":\"Agenda des \u00e9v\u00e8nements - Hasparren, commune du Pays Basque\",\"isPartOf\":{\"@id\":\"https:\\\/\\\/hasparren.fr\\\/#website\"},\"primaryImageOfPage\":{\"@id\":\"https:\\\/\\\/hasparren.fr\\\/eu\\\/agenda-des-evenements\\\/#primaryimage\"},\"image\":{\"@id\":\"https:\\\/\\\/hasparren.fr\\\/eu\\\/agenda-des-evenements\\\/#primaryimage\"},\"thumbnailUrl\":\"https:\\\/\\\/hasparren.fr\\\/wp-content\\\/uploads\\\/2020\\\/10\\\/hasparren-categorie-e1605709389335.jpg\",\"datePublished\":\"2020-11-20T09:05:04+00:00\",\"dateModified\":\"2026-03-02T10:03:57+00:00\",\"author\":{\"@id\":\"https:\\\/\\\/hasparren.fr\\\/#\\\/schema\\\/person\\\/da1441aa8e4ef3cb9bc163683a473a65\"},\"description\":\"Agenda des \u00e9v\u00e8nements - Hasparren, commune du Pays Basque\",\"breadcrumb\":{\"@id\":\"https:\\\/\\\/hasparren.fr\\\/eu\\\/agenda-des-evenements\\\/#breadcrumb\"},\"inLanguage\":\"eu\",\"potentialAction\":[{\"@type\":\"ReadAction\",\"target\":[\"https:\\\/\\\/hasparren.fr\\\/eu\\\/agenda-des-evenements\\\/\"]}]},{\"@type\":\"BreadcrumbList\",\"@id\":\"https:\\\/\\\/hasparren.fr\\\/eu\\\/agenda-des-evenements\\\/#breadcrumb\",\"itemListElement\":[{\"@type\":\"ListItem\",\"position\":1,\"name\":\"Accueil\",\"item\":\"https:\\\/\\\/hasparren.fr\\\/eu\\\/\"},{\"@type\":\"ListItem\",\"position\":2,\"name\":\"Agenda des \u00e9v\u00e8nements\"}]},{\"@type\":\"WebSite\",\"@id\":\"https:\\\/\\\/hasparren.fr\\\/#website\",\"url\":\"https:\\\/\\\/hasparren.fr\\\/\",\"name\":\"Hasparren, commune du Pays Basque\",\"description\":\"Hasparren, commune du Pays Basque\",\"potentialAction\":[{\"@type\":\"SearchAction\",\"target\":{\"@type\":\"EntryPoint\",\"urlTemplate\":\"https:\\\/\\\/hasparren.fr\\\/?s={search_term_string}\"},\"query-input\":{\"@type\":\"PropertyValueSpecification\",\"valueRequired\":true,\"valueName\":\"search_term_string\"}}],\"inLanguage\":\"eu\"},{\"@type\":\"Person\",\"@id\":\"https:\\\/\\\/hasparren.fr\\\/#\\\/schema\\\/person\\\/da1441aa8e4ef3cb9bc163683a473a65\",\"name\":\"Jonathan Ade-urban\"}]}<\/script>\n<!-- \/ Yoast SEO plugin. -->","yoast_head_json":{"title":"Agenda des \u00e9v\u00e8nements - Hasparren, commune du Pays Basque","description":"Agenda des \u00e9v\u00e8nements - Hasparren, commune du Pays Basque","robots":{"index":"index","follow":"follow","max-snippet":"max-snippet:-1","max-image-preview":"max-image-preview:large","max-video-preview":"max-video-preview:-1"},"canonical":"https:\/\/hasparren.fr\/eu\/agenda-des-evenements\/","og_locale":"eu_ES","og_type":"article","og_title":"Agenda des \u00e9v\u00e8nements - Hasparren, commune du Pays Basque","og_description":"Agenda des \u00e9v\u00e8nements - Hasparren, commune du Pays Basque","og_url":"https:\/\/hasparren.fr\/eu\/agenda-des-evenements\/","og_site_name":"Hasparren, commune du Pays Basque","article_published_time":"2020-11-20T09:05:04+00:00","article_modified_time":"2026-03-02T10:03:57+00:00","og_image":[{"width":895,"height":443,"url":"https:\/\/hasparren.fr\/wp-content\/uploads\/2020\/10\/hasparren-categorie-e1605709389335.jpg","type":"image\/jpeg"}],"author":"Jonathan Ade-urban","twitter_card":"summary_large_image","twitter_misc":{"Written by":"Jonathan Ade-urban","Est. reading time":"1 minutua"},"schema":{"@context":"https:\/\/schema.org","@graph":[{"@type":"Article","@id":"https:\/\/hasparren.fr\/eu\/agenda-des-evenements\/#article","isPartOf":{"@id":"https:\/\/hasparren.fr\/eu\/agenda-des-evenements\/"},"author":{"name":"Jonathan Ade-urban","@id":"https:\/\/hasparren.fr\/#\/schema\/person\/da1441aa8e4ef3cb9bc163683a473a65"},"headline":"Agenda des \u00e9v\u00e8nements","datePublished":"2020-11-20T09:05:04+00:00","dateModified":"2026-03-02T10:03:57+00:00","mainEntityOfPage":{"@id":"https:\/\/hasparren.fr\/eu\/agenda-des-evenements\/"},"wordCount":28,"image":{"@id":"https:\/\/hasparren.fr\/eu\/agenda-des-evenements\/#primaryimage"},"thumbnailUrl":"https:\/\/hasparren.fr\/wp-content\/uploads\/2020\/10\/hasparren-categorie-e1605709389335.jpg","articleSection":["Argibide praktikoak"],"inLanguage":"eu"},{"@type":"WebPage","@id":"https:\/\/hasparren.fr\/eu\/agenda-des-evenements\/","url":"https:\/\/hasparren.fr\/eu\/agenda-des-evenements\/","name":"Agenda des \u00e9v\u00e8nements - Hasparren, commune du Pays Basque","isPartOf":{"@id":"https:\/\/hasparren.fr\/#website"},"primaryImageOfPage":{"@id":"https:\/\/hasparren.fr\/eu\/agenda-des-evenements\/#primaryimage"},"image":{"@id":"https:\/\/hasparren.fr\/eu\/agenda-des-evenements\/#primaryimage"},"thumbnailUrl":"https:\/\/hasparren.fr\/wp-content\/uploads\/2020\/10\/hasparren-categorie-e1605709389335.jpg","datePublished":"2020-11-20T09:05:04+00:00","dateModified":"2026-03-02T10:03:57+00:00","author":{"@id":"https:\/\/hasparren.fr\/#\/schema\/person\/da1441aa8e4ef3cb9bc163683a473a65"},"description":"Agenda des \u00e9v\u00e8nements - Hasparren, commune du Pays Basque","breadcrumb":{"@id":"https:\/\/hasparren.fr\/eu\/agenda-des-evenements\/#breadcrumb"},"inLanguage":"eu","potentialAction":[{"@type":"ReadAction","target":["https:\/\/hasparren.fr\/eu\/agenda-des-evenements\/"]}]},{"@type":"BreadcrumbList","@id":"https:\/\/hasparren.fr\/eu\/agenda-des-evenements\/#breadcrumb","itemListElement":[{"@type":"ListItem","position":1,"name":"Accueil","item":"https:\/\/hasparren.fr\/eu\/"},{"@type":"ListItem","position":2,"name":"Agenda des \u00e9v\u00e8nements"}]},{"@type":"WebSite","@id":"https:\/\/hasparren.fr\/#website","url":"https:\/\/hasparren.fr\/","name":"Hasparren, commune du Pays Basque","description":"Hasparren, commune du Pays Basque","potentialAction":[{"@type":"SearchAction","target":{"@type":"EntryPoint","urlTemplate":"https:\/\/hasparren.fr\/?s={search_term_string}"},"query-input":{"@type":"PropertyValueSpecification","valueRequired":true,"valueName":"search_term_string"}}],"inLanguage":"eu"},{"@type":"Person","@id":"https:\/\/hasparren.fr\/#\/schema\/person\/da1441aa8e4ef3cb9bc163683a473a65","name":"Jonathan Ade-urban"}]}},"publishpress_future_action":{"enabled":false,"date":"2026-05-04 11:58:12","action":"change-status","newStatus":"draft","terms":[],"taxonomy":"category","extraData":[]},"publishpress_future_workflow_manual_trigger":{"enabledWorkflows":[]},"_links":{"self":[{"href":"https:\/\/hasparren.fr\/eu\/wp-json\/wp\/v2\/posts\/14471","targetHints":{"allow":["GET"]}}],"collection":[{"href":"https:\/\/hasparren.fr\/eu\/wp-json\/wp\/v2\/posts"}],"about":[{"href":"https:\/\/hasparren.fr\/eu\/wp-json\/wp\/v2\/types\/post"}],"author":[{"embeddable":true,"href":"https:\/\/hasparren.fr\/eu\/wp-json\/wp\/v2\/users\/14"}],"replies":[{"embeddable":true,"href":"https:\/\/hasparren.fr\/eu\/wp-json\/wp\/v2\/comments?post=14471"}],"version-history":[{"count":5,"href":"https:\/\/hasparren.fr\/eu\/wp-json\/wp\/v2\/posts\/14471\/revisions"}],"predecessor-version":[{"id":48798,"href":"https:\/\/hasparren.fr\/eu\/wp-json\/wp\/v2\/posts\/14471\/revisions\/48798"}],"wp:featuredmedia":[{"embeddable":true,"href":"https:\/\/hasparren.fr\/eu\/wp-json\/wp\/v2\/media\/13133"}],"wp:attachment":[{"href":"https:\/\/hasparren.fr\/eu\/wp-json\/wp\/v2\/media?parent=14471"}],"wp:term":[{"taxonomy":"category","embeddable":true,"href":"https:\/\/hasparren.fr\/eu\/wp-json\/wp\/v2\/categories?post=14471"},{"taxonomy":"post_tag","embeddable":true,"href":"https:\/\/hasparren.fr\/eu\/wp-json\/wp\/v2\/tags?post=14471"}],"curies":[{"name":"wp","href":"https:\/\/api.w.org\/{rel}","templated":true}]}}