{"id":14578,"date":"2020-09-22T16:14:54","date_gmt":"2020-09-22T14:14:54","guid":{"rendered":"http:\/\/s864240641.onlinehome.fr\/NewWp\/?p=14578"},"modified":"2022-06-09T15:28:27","modified_gmt":"2022-06-09T13:28:27","slug":"demandes-de-manifestations","status":"publish","type":"post","link":"https:\/\/hasparren.fr\/eu\/demandes-de-manifestations\/","title":{"rendered":"Demande de salle, de mat\u00e9riel et de d\u00e9bit de boissons temporaire \/ Gela, material eta aldi bateko ostatu galdea"},"content":{"rendered":"\n<p>Vous souhaitez organiser une manifestation, vous avez besoin d\u2019une salle, de mat\u00e9riel ou d&#8217;ouvrir une buvette temporaire, merci de remplir le formulaire.<\/p>\n<p><span style=\"color: #ff0000;\">IMPORTANT : Demande \u00e0 adresser \u00e0 la Mairie 1<span class=\"underline\">\u00a0mois avant la manifestation<\/span><\/span><\/p>\n<p>\u00a0<\/p>\n\n\n\n<div class=\"wp-block-contact-form-7-contact-form-selector\">\n<div class=\"wpcf7 no-js\" id=\"wpcf7-f31888-o1\" lang=\"fr-FR\" dir=\"ltr\" data-wpcf7-id=\"31888\">\n<div class=\"screen-reader-response\"><p role=\"status\" aria-live=\"polite\" aria-atomic=\"true\"><\/p> <ul><\/ul><\/div>\n<form action=\"\/eu\/wp-json\/wp\/v2\/posts\/14578#wpcf7-f31888-o1\" method=\"post\" class=\"wpcf7-form init\" aria-label=\"Formulaire de contact\" enctype=\"multipart\/form-data\" novalidate=\"novalidate\" data-status=\"init\">\n<fieldset class=\"hidden-fields-container\"><input type=\"hidden\" name=\"_wpcf7\" value=\"31888\" \/><input type=\"hidden\" name=\"_wpcf7_version\" value=\"6.1.5\" \/><input type=\"hidden\" name=\"_wpcf7_locale\" value=\"fr_FR\" \/><input type=\"hidden\" name=\"_wpcf7_unit_tag\" value=\"wpcf7-f31888-o1\" \/><input type=\"hidden\" name=\"_wpcf7_container_post\" value=\"0\" \/><input type=\"hidden\" name=\"_wpcf7_posted_data_hash\" value=\"\" \/><input type=\"hidden\" name=\"_wpcf7cf_hidden_group_fields\" value=\"[]\" \/><input type=\"hidden\" name=\"_wpcf7cf_hidden_groups\" value=\"[]\" \/><input type=\"hidden\" name=\"_wpcf7cf_visible_groups\" value=\"[]\" \/><input type=\"hidden\" name=\"_wpcf7cf_repeaters\" value=\"[]\" \/><input type=\"hidden\" name=\"_wpcf7cf_steps\" value=\"{}\" \/><input type=\"hidden\" name=\"_wpcf7cf_options\" value=\"{&quot;form_id&quot;:31888,&quot;conditions&quot;:[{&quot;then_field&quot;:&quot;other-place-group&quot;,&quot;and_rules&quot;:[{&quot;if_field&quot;:&quot;event-place-checkbox&quot;,&quot;operator&quot;:&quot;equals&quot;,&quot;if_value&quot;:&quot;Autre lieu (\\u00e0 pr\\u00e9ciser)&quot;}]},{&quot;then_field&quot;:&quot;free-entries-group&quot;,&quot;and_rules&quot;:[{&quot;if_field&quot;:&quot;event-place-checkbox&quot;,&quot;operator&quot;:&quot;equals&quot;,&quot;if_value&quot;:&quot;Salle Mendeala&quot;}]},{&quot;then_field&quot;:&quot;free-entries-group&quot;,&quot;and_rules&quot;:[{&quot;if_field&quot;:&quot;event-place-checkbox&quot;,&quot;operator&quot;:&quot;equals&quot;,&quot;if_value&quot;:&quot;Chapelle Sacr\\u00e9 C\\u0153ur&quot;}]},{&quot;then_field&quot;:&quot;drinks-group&quot;,&quot;and_rules&quot;:[{&quot;if_field&quot;:&quot;drink-checkbox&quot;,&quot;operator&quot;:&quot;equals&quot;,&quot;if_value&quot;:&quot;OUI&quot;}]},{&quot;then_field&quot;:&quot;safety-group&quot;,&quot;and_rules&quot;:[{&quot;if_field&quot;:&quot;safety-checkbox&quot;,&quot;operator&quot;:&quot;equals&quot;,&quot;if_value&quot;:&quot;OUI&quot;}]},{&quot;then_field&quot;:&quot;material-group&quot;,&quot;and_rules&quot;:[{&quot;if_field&quot;:&quot;material-checkbox&quot;,&quot;operator&quot;:&quot;equals&quot;,&quot;if_value&quot;:&quot;OUI&quot;}]},{&quot;then_field&quot;:&quot;-1&quot;,&quot;and_rules&quot;:[{&quot;if_field&quot;:&quot;-1&quot;,&quot;operator&quot;:&quot;equals&quot;,&quot;if_value&quot;:&quot;Podium modulable - Hauteur 1m20 ( Montage \\u00e0 la charge de l&#039;organisateur )&quot;}]},{&quot;then_field&quot;:&quot;-1&quot;,&quot;and_rules&quot;:[{&quot;if_field&quot;:&quot;-1&quot;,&quot;operator&quot;:&quot;equals&quot;,&quot;if_value&quot;:&quot;Barri\\u00e8res girondines (maximum 40)&quot;}]},{&quot;then_field&quot;:&quot;large-barriers-qty-group&quot;,&quot;and_rules&quot;:[{&quot;if_field&quot;:&quot;installations-checkbox6&quot;,&quot;operator&quot;:&quot;equals&quot;,&quot;if_value&quot;:&quot;Grandes barri\\u00e8res avec les plots (maximum 25)&quot;}]},{&quot;then_field&quot;:&quot;-1&quot;,&quot;and_rules&quot;:[{&quot;if_field&quot;:&quot;-1&quot;,&quot;operator&quot;:&quot;equals&quot;,&quot;if_value&quot;:&quot;Autre demande :&quot;}]},{&quot;then_field&quot;:&quot;public-domain-group&quot;,&quot;and_rules&quot;:[{&quot;if_field&quot;:&quot;public-domain-checkbox&quot;,&quot;operator&quot;:&quot;equals&quot;,&quot;if_value&quot;:&quot;OUI&quot;}]},{&quot;then_field&quot;:&quot;-1&quot;,&quot;and_rules&quot;:[{&quot;if_field&quot;:&quot;-1&quot;,&quot;operator&quot;:&quot;equals&quot;,&quot;if_value&quot;:&quot;OUI&quot;}]},{&quot;then_field&quot;:&quot;choribit-group&quot;,&quot;and_rules&quot;:[{&quot;if_field&quot;:&quot;event-place-checkbox&quot;,&quot;operator&quot;:&quot;equals&quot;,&quot;if_value&quot;:&quot;Salle Pierre Choribit&quot;}]},{&quot;then_field&quot;:&quot;-1&quot;,&quot;and_rules&quot;:[{&quot;if_field&quot;:&quot;-1&quot;,&quot;operator&quot;:&quot;equals&quot;,&quot;if_value&quot;:&quot;OUI&quot;}]},{&quot;then_field&quot;:&quot;free-entries-group&quot;,&quot;and_rules&quot;:[{&quot;if_field&quot;:&quot;event-place-checkbox&quot;,&quot;operator&quot;:&quot;equals&quot;,&quot;if_value&quot;:&quot;Ar\\u00e8nes Municipales&quot;}]}],&quot;settings&quot;:{&quot;animation&quot;:&quot;yes&quot;,&quot;animation_intime&quot;:200,&quot;animation_outtime&quot;:200,&quot;conditions_ui&quot;:&quot;normal&quot;,&quot;notice_dismissed&quot;:false,&quot;notice_dismissed_rollback-cf7-5.5.6&quot;:true,&quot;notice_dismissed_rollback-cf7-5.6&quot;:true,&quot;notice_dismissed_update-cf7-5.7.2&quot;:true,&quot;notice_dismissed_update-cf7-5.7.3&quot;:true,&quot;notice_dismissed_update-cf7-5.8.2&quot;:true,&quot;notice_dismissed_update-cf7-5.8.6&quot;:true,&quot;notice_dismissed_update-cf7-5.8.7&quot;:true,&quot;notice_dismissed_update-cf7-5.9.2&quot;:true,&quot;notice_dismissed_update-cf7-6.0&quot;:true,&quot;notice_dismissed_update-cf7-6.0.3&quot;:true,&quot;notice_dismissed_update-cf7-6.0.5&quot;:true,&quot;notice_dismissed_update-cf7-6.1.1&quot;:true,&quot;notice_dismissed_rollback-cf7-6.1.4&quot;:true}}\" \/><input type=\"hidden\" name=\"_wpcf7_recaptcha_response\" value=\"\" \/>\n<\/fieldset>\n<fieldset class=\"form-title-fieldset\">\n\t<legend class=\"form-title-legend\">Demande de manifestation, d'\u00e9quipements et de d\u00e9bit de boissons\"\n\t<\/legend>\n\t<h2>Coordonn\u00e9es \/ <span lang=\"eu\">Deitura-helbideak<\/span>\n\t<\/h2>\n\t<p><label for=\"asso-name\" title=\"Nom de l'association\" ><strong>Nom de l'association \/ <span lang=\"eu\">Elkartearen izena<\/span> (obligatoire)<\/strong><\/label><br \/>\n<span class=\"wpcf7-form-control-wrap\" data-name=\"asso-name\"><input size=\"40\" maxlength=\"400\" class=\"wpcf7-form-control wpcf7-text wpcf7-validates-as-required\" id=\"asso-name\" aria-required=\"true\" aria-invalid=\"false\" placeholder=\"Exemple : Association\" value=\"\" type=\"text\" name=\"asso-name\" \/><\/span>\n\t<\/p>\n\t<p><label for=\"requestor-name\" title=\"Nom et pr\u00e9nom de son\/sa pr\u00e9sident(e)\"><strong>Nom et pr\u00e9nom de son\/sa pr\u00e9sident(e) \/ <span lang=\"eu\">Lehendakariaren izena eta deitura<\/span> (obligatoire)<\/strong><\/label><br \/>\n<span class=\"wpcf7-form-control-wrap\" data-name=\"requestor-name\"><input size=\"40\" maxlength=\"400\" class=\"wpcf7-form-control wpcf7-text wpcf7-validates-as-required\" id=\"requestor-name\" aria-required=\"true\" aria-invalid=\"false\" placeholder=\"Exemple : Etcheverry Pierre\" value=\"\" type=\"text\" name=\"requestor-name\" \/><\/span>\n\t<\/p>\n\t<p><label><strong>Adresse \/ Helbidea (obligatoire)<\/strong><\/label><br \/>\n<span class=\"wpcf7-form-control-wrap\" data-name=\"Adresse\"><input size=\"40\" maxlength=\"400\" class=\"wpcf7-form-control wpcf7-text wpcf7-validates-as-required\" aria-required=\"true\" aria-invalid=\"false\" placeholder=\"Exemple : 1 lotissement ....\" value=\"\" type=\"text\" name=\"Adresse\" \/><\/span>\n\t<\/p>\n\t<p><label for=\"city\" title=\"Code Postal et Ville\"><strong>Code Postal et Ville \/ <span lang=\"eu\">Posta kodea eta herria<\/span> (obligatoire)<\/strong><\/label><br \/>\n<span class=\"wpcf7-form-control-wrap\" data-name=\"asso-city\"><input size=\"40\" maxlength=\"400\" class=\"wpcf7-form-control wpcf7-text wpcf7-validates-as-required\" id=\"city\" aria-required=\"true\" aria-invalid=\"false\" placeholder=\"Exemple : 64240 HASPARREN\" value=\"\" type=\"text\" name=\"asso-city\" \/><\/span>\n\t<\/p>\n\t<p><label for=\"asso-tel\" title=\"T\u00e9l\u00e9phone\" ><strong>T\u00e9l\u00e9phone \/ <span lang=\"eu\">Telefono zenbakia<\/span> (obligatoire)<\/strong><\/label><br \/>\n<span class=\"wpcf7-form-control-wrap\" data-name=\"asso-tel\"><input size=\"40\" maxlength=\"400\" class=\"wpcf7-form-control wpcf7-tel wpcf7-validates-as-required wpcf7-text wpcf7-validates-as-tel\" id=\"asso-tel\" aria-required=\"true\" aria-invalid=\"false\" placeholder=\"0612345678\" value=\"\" type=\"tel\" name=\"asso-tel\" \/><\/span>\n\t<\/p>\n\t<p><label for=\"asso-mail\" title=\"Email\"><strong>Mail \/ <span lang=\"eu\">E-maila<\/span> (obligatoire)<\/strong><\/label><br \/>\n<span class=\"wpcf7-form-control-wrap\" data-name=\"asso-mail\"><input size=\"40\" maxlength=\"400\" class=\"wpcf7-form-control wpcf7-email wpcf7-validates-as-required wpcf7-text wpcf7-validates-as-email\" id=\"asso-mail\" aria-required=\"true\" aria-invalid=\"false\" placeholder=\"mon-nom@mail.com\" value=\"\" type=\"email\" name=\"asso-mail\" \/><\/span>\n\t<\/p>\n\t<h2>Informations sur l'\u00e9v\u00e8nement \/ <span lang=\"eu\">Ekitaldiari buruzko argibideak<\/span>\n\t<\/h2>\n\t<p><br \/>\n<label for=\"event-nature\"><strong>Nature de la manifestation \/ <span lang=\"eu\">Zer ekitaldi mota<\/span> (obligatoire)<\/strong><\/label><br \/>\n<span class=\"wpcf7-form-control-wrap\" data-name=\"event-nature\"><input size=\"40\" maxlength=\"400\" class=\"wpcf7-form-control wpcf7-text wpcf7-validates-as-required\" id=\"event-nature\" aria-required=\"true\" aria-invalid=\"false\" placeholder=\"Exemple : Spectacle...\" value=\"\" type=\"text\" name=\"event-nature\" \/><\/span>\n\t<\/p>\n\t<p><label for=\"event-description\"><strong>D\u00e9roulement de la journ\u00e9e en d\u00e9tails \/ <span lang=\"eu\">Eguna xeheki nola iraganen den<\/span> (obligatoire)<\/strong><\/label><br \/>\n<span class=\"wpcf7-form-control-wrap\" data-name=\"event-description-textarea\"><textarea cols=\"40\" rows=\"10\" maxlength=\"2000\" class=\"wpcf7-form-control wpcf7-textarea wpcf7-validates-as-required\" id=\"event-description\" aria-required=\"true\" aria-invalid=\"false\" name=\"event-description-textarea\"><\/textarea><\/span>\n\t<\/p>\n\t<fieldset>\n\t\t<p><label for=\"join-description\"><strong>Document joint illustrant l'\u00e9v\u00e8nement (affiche, programme, logo...) \/ <span lang=\"eu\">Atxikirik ekitaldiaren berri ematen duen dokumentua (afixa, programa, logoa...)<\/span><\/strong><br \/>\n<span class=\"wpcf7-form-control-wrap\" data-name=\"event-details-file\"><input size=\"40\" class=\"wpcf7-form-control wpcf7-file\" id=\"join-description\" accept=\".pdf,.jpg,.jpeg,.doc,.docx,.odt\" aria-invalid=\"false\" type=\"file\" name=\"event-details-file\" \/><\/span><br \/>\n(types de fichiers accept\u00e9s : pdf-jpg-doc-odt \/ taille 10Mo maxi) <\/label>\n\t\t<\/p>\n\t<\/fieldset>\n\t<fieldset>\n\t\t<legend><strong>Date(s) de la manifestation \/ Ekitaldiaren eguna(k) (obligatoire)<\/strong>\n\t\t<\/legend>\n\t\t<p>Date de d\u00e9but <label for=\"event-date-start\" class=\"sr-only\" title=\"Date de d\u00e9but de l'\u00e9v\u00e8nement\" >Date de d\u00e9but de l'\u00e9v\u00e8nement<\/label><span class=\"wpcf7-form-control-wrap\" data-name=\"event-date-start\"><input class=\"wpcf7-form-control wpcf7-date wpcf7-validates-as-required wpcf7-validates-as-date\" id=\"event-date-start\" aria-required=\"true\" aria-invalid=\"false\" placeholder=\"01\/01\/2023\" value=\"\" type=\"date\" name=\"event-date-start\" \/><\/span><span class=\"acc\">(au format jj\/mm\/aaaa)<\/span>\n\t\t<\/p>\n\t\t<p>Date de fin <label for=\"event-date-end\" class=\"sr-only\" title=\"Date de fin de l'\u00e9v\u00e8nement\" >Date de fin de l'\u00e9v\u00e8nement<\/label><span class=\"wpcf7-form-control-wrap\" data-name=\"event-date-end\"><input class=\"wpcf7-form-control wpcf7-date wpcf7-validates-as-required wpcf7-validates-as-date\" id=\"event-date-end\" aria-required=\"true\" aria-invalid=\"false\" placeholder=\"03\/01\/2023\" value=\"\" type=\"date\" name=\"event-date-end\" \/><\/span><span class=\"acc\">(au format jj\/mm\/aaaa)<\/span>\n\t\t<\/p>\n\t<\/fieldset>\n\t<fieldset>\n\t\t<p><label for=\"event-hour\" title=\"Format attendu : 08h00 - 23h30\"><strong>Horaires de la manifestation (d\u00e9but - fin) \/ <span lang=\"eu\">Ekitaldiaren tenoreak (hastapena - bukaera)<\/span> (obligatoire)<\/strong><br \/>\n<\/label><br \/>\n<span class=\"wpcf7-form-control-wrap\" data-name=\"event-hour\"><input size=\"40\" maxlength=\"400\" class=\"wpcf7-form-control wpcf7-text wpcf7-validates-as-required\" id=\"event-hour\" aria-required=\"true\" aria-invalid=\"false\" placeholder=\"Exemple : 08h00 - 23h30\" value=\"\" type=\"text\" name=\"event-hour\" \/><\/span> (amplitude maximum : 8h-2h)\n\t\t<\/p>\n\t<\/fieldset>\n\t<fieldset>\n\t\t<legend><strong>Lieu de la manifestation \/ <span lang=\"eu\">Ekitaldiaren lekua<\/span> (obligatoire)<\/strong>\n\t\t<\/legend>\n\t\t<p><i> Tarifs des salles au : <ins> 05.59.29.17.77 <\/ins> <\/i>\n\t\t<\/p>\n\t\t<p><label for=\"event-place-checkbox\" class=\"sr-only\">Choisissez le lieu de la manifestation<\/label><br \/>\n<span class=\"wpcf7-form-control-wrap\" data-name=\"event-place-checkbox\"><span class=\"wpcf7-form-control wpcf7-checkbox wpcf7-validates-as-required\" id=\"event-place-checkbox\"><span class=\"wpcf7-list-item first\"><label><input type=\"checkbox\" name=\"event-place-checkbox[]\" value=\"Salle Mendeala\" \/><span class=\"wpcf7-list-item-label\">Salle Mendeala<\/span><\/label><\/span><span class=\"wpcf7-list-item\"><label><input type=\"checkbox\" name=\"event-place-checkbox[]\" value=\"Chapelle Sacr\u00e9 C\u0153ur\" \/><span class=\"wpcf7-list-item-label\">Chapelle Sacr\u00e9 C\u0153ur<\/span><\/label><\/span><span class=\"wpcf7-list-item\"><label><input type=\"checkbox\" name=\"event-place-checkbox[]\" value=\"Ar\u00e8nes Municipales\" \/><span class=\"wpcf7-list-item-label\">Ar\u00e8nes Municipales<\/span><\/label><\/span><span class=\"wpcf7-list-item\"><label><input type=\"checkbox\" name=\"event-place-checkbox[]\" value=\"Salle Harana\" \/><span class=\"wpcf7-list-item-label\">Salle Harana<\/span><\/label><\/span><span class=\"wpcf7-list-item last\"><label><input type=\"checkbox\" name=\"event-place-checkbox[]\" value=\"Autre lieu (\u00e0 pr\u00e9ciser)\" \/><span class=\"wpcf7-list-item-label\">Autre lieu (\u00e0 pr\u00e9ciser)<\/span><\/label><\/span><\/span><\/span><br \/>\n<label for=\"other-event-place\" class=\"sr-only\">ou choisissez une autre salle<\/label><br \/>\n<span class=\"wpcf7-form-control-wrap\" data-name=\"other-event-place\"><input size=\"40\" maxlength=\"400\" class=\"wpcf7-form-control wpcf7-text\" id=\"other-event-place\" aria-invalid=\"false\" placeholder=\"Exemple: Salle...\" value=\"\" type=\"text\" name=\"other-event-place\" \/><\/span>\n\t\t<\/p>\n\t\t<p><label for=\"entries-checkbox\" class=\"sr-only\">Entr\u00e9e gratuite, entr\u00e9e payante<\/label><br \/>\n<span class=\"wpcf7-form-control-wrap\" data-name=\"entries-checkbox\"><span class=\"wpcf7-form-control wpcf7-checkbox wpcf7-validates-as-required wpcf7-exclusive-checkbox\" id=\"entries-checkbox\"><span class=\"wpcf7-list-item first\"><label><input type=\"checkbox\" name=\"entries-checkbox\" value=\"Entr\u00e9e gratuite\" \/><span class=\"wpcf7-list-item-label\">Entr\u00e9e gratuite<\/span><\/label><\/span><span class=\"wpcf7-list-item last\"><label><input type=\"checkbox\" name=\"entries-checkbox\" value=\"Entr\u00e9e payante\" \/><span class=\"wpcf7-list-item-label\">Entr\u00e9e payante<\/span><\/label><\/span><\/span><\/span>\n\t\t<\/p>\n\t\t<p>Pour les tarifs de la salle Choribit, cliquer <a href=\"https:\/\/hasparren.fr\/les-salles\/\" target=\"_blank\">ici<\/a>.\n\t\t<\/p>\n\t<\/fieldset>\n\t<fieldset>\n\t\t<p><label for=\"event-people\"><strong>Nombre de personnes attendues (public, organisateurs, participants,...) \/ <span lang=\"eu\">Igurikatzen den pertsona kopurua (obligatoire)<\/span><\/strong><\/label><br \/>\n<span class=\"wpcf7-form-control-wrap\" data-name=\"event-people-number\"><input class=\"wpcf7-form-control wpcf7-number wpcf7-validates-as-required wpcf7-validates-as-number\" id=\"event-people\" min=\"0\" aria-required=\"true\" aria-invalid=\"false\" value=\"\" type=\"number\" name=\"event-people-number\" \/><\/span>\n\t\t<\/p>\n\t<\/fieldset>\n\t<fieldset>\n\t\t<p><label for=\"food-checkbox\"><strong> Souhaitez-vous proposer de la nourriture ? <span lang=\"eu\">Janaria proposatzekoa ote duzu?<\/span> (obligatoire)<\/strong><\/label>\n\t\t<\/p>\n\t\t<p><span class=\"wpcf7-form-control-wrap\" data-name=\"food-checkbox\"><span class=\"wpcf7-form-control wpcf7-checkbox wpcf7-validates-as-required wpcf7-exclusive-checkbox\" id=\"food-checkbox\"><span class=\"wpcf7-list-item first\"><label><input type=\"checkbox\" name=\"food-checkbox\" value=\"OUI\" \/><span class=\"wpcf7-list-item-label\">OUI<\/span><\/label><\/span><span class=\"wpcf7-list-item last\"><label><input type=\"checkbox\" name=\"food-checkbox\" value=\"NON\" \/><span class=\"wpcf7-list-item-label\">NON<\/span><\/label><\/span><\/span><\/span>\n\t\t<\/p>\n\t\t<p><label for=\"food-type\">Si oui, de quel type ?<\/label><br \/>\n<span class=\"wpcf7-form-control-wrap\" data-name=\"food-type-text\"><input size=\"40\" maxlength=\"400\" class=\"wpcf7-form-control wpcf7-text\" id=\"food-type\" aria-invalid=\"false\" placeholder=\"Exemple : sandwichs, repas assis...\" value=\"\" type=\"text\" name=\"food-type-text\" \/><\/span>\n\t\t<\/p>\n\t<\/fieldset>\n\t<fieldset>\n\t\t<legend><strong>Avez-vous l'intention de vendre des boissons ? Edariak saldu nahi dituzu? (obligatoire)<\/strong>\n\t\t<\/legend>\n\t\t<p><label for=\"drink-checkbox\" class=\"sr-only\">Avez-vous besoin d'une autorisation de d\u00e9bit de boissons ?<\/label><br \/>\n<span class=\"wpcf7-form-control-wrap\" data-name=\"drink-checkbox\"><span class=\"wpcf7-form-control wpcf7-checkbox wpcf7-exclusive-checkbox\" id=\"drink-checkbox\"><span class=\"wpcf7-list-item first\"><label><input type=\"checkbox\" name=\"drink-checkbox\" value=\"OUI\" \/><span class=\"wpcf7-list-item-label\">OUI<\/span><\/label><\/span><span class=\"wpcf7-list-item last\"><label><input type=\"checkbox\" name=\"drink-checkbox\" value=\"NON\" \/><span class=\"wpcf7-list-item-label\">NON<\/span><\/label><\/span><\/span><\/span>\n\t\t<\/p>\n\t\t<h2>Demande d'autorisation temporaire de d\u00e9bit de boissons \/ <span lang=\"eu\">Aldi bateko ostatua idekitzeko baimen galdea<\/span>\n\t\t<\/h2>\n\t\t<p><I>\n\t\t\t\t<FONT size=\"3pt\">Je, soussign\u00e9(e) M\/Mme le\/la Pr\u00e9sident(e) ci-dessus mentionn\u00e9(e), ai l\u2019honneur de solliciter, conform\u00e9ment aux articles L.3334-2, L3335-4 et L.3352-5 du Code de la Sant\u00e9 Publique, l\u2019autorisation d\u2019ouvrir un d\u00e9bit de boissons de :\n<strong>1\u00b0 cat\u00e9gorie (boissons sans alcool :<\/strong> limonade, eau min\u00e9rale ou gaz\u00e9ifi\u00e9es, jus de fruits ou de l\u00e9gumes, sirops, infusions, lait, th\u00e9, chocolat,\u2026)\n<strong>3\u00b0 cat\u00e9gorie : (boissons ferment\u00e9es :<\/strong> vin, bi\u00e8re, cidre, poir\u00e9, hydromel, vin doux naturels, cr\u00e8me de cassis, jus de fruits ou de l\u00e9gumes ferment\u00e9s comportant jusqu\u2019\u00e0 3\u00b0 d\u2019alcool, vin de liqueurs, ap\u00e9ritif \u00e0 base de vin, liqueur de fruits comprenant moins de 18\u00b0 d'alcool).\n\t\t\t\t<\/font><\/i>\n\t\t<\/p>\n\t\t<p class=\"drink-places-title\"><label for=\"drink-places1\"><strong>Lieu(x) buvette(s) (obligatoire) :<\/strong><\/label>\n\t\t<\/p>\n\t\t<p class=\"drink-places\"><span class=\"wpcf7-form-control-wrap\" data-name=\"lieuboissons1\"><input size=\"40\" maxlength=\"400\" class=\"wpcf7-form-control wpcf7-text\" id=\"drink-places1\" aria-invalid=\"false\" placeholder=\"Exemple : Salle ...\" value=\"\" type=\"text\" name=\"lieuboissons1\" \/><\/span>\n\t\t<\/p>\n\t\t<p><label for=\"event-date-start1\" title=\"Date de d\u00e9but de l'\u00e9v\u00e8nement\" ><strong>Date de d\u00e9but de d\u00e9bit de boissons <\/strong><\/label><span class=\"wpcf7-form-control-wrap\" data-name=\"event-date-start1\"><input class=\"wpcf7-form-control wpcf7-date wpcf7-validates-as-date\" id=\"event-date-start1\" aria-invalid=\"false\" placeholder=\"01\/01\/2023\" value=\"\" type=\"date\" name=\"event-date-start1\" \/><\/span><span class=\"acc\">(au format jj\/mm\/aaaa)<\/span>\n\t\t<\/p>\n\t\t<p><label for=\"event-date-end1\" title=\"Date de fin de l'\u00e9v\u00e8nement\"><strong>Date de fin de d\u00e9bit de boissons <\/strong><\/label><span class=\"wpcf7-form-control-wrap\" data-name=\"event-date-end1\"><input class=\"wpcf7-form-control wpcf7-date wpcf7-validates-as-date\" id=\"event-date-end1\" aria-invalid=\"false\" placeholder=\"03\/01\/2023\" value=\"\" type=\"date\" name=\"event-date-end1\" \/><\/span><span class=\"acc\">(au format jj\/mm\/aaaa)<\/span>\n\t\t<\/p>\n\t\t<p><label for=\"drink-hours1\"><strong>Horaires de d\u00e9bit de boissons <\/strong><\/label><span class=\"wpcf7-form-control-wrap\" data-name=\"drinkhour1\"><input size=\"40\" maxlength=\"400\" class=\"wpcf7-form-control wpcf7-text\" id=\"drink-hours1\" aria-invalid=\"false\" placeholder=\"10h00 - 22h00\" value=\"\" type=\"text\" name=\"drinkhour1\" \/><\/span><span class=\"acc\">(au format 10h00 - 22h00)<\/span>\n\t\t<\/p>\n\t\t<p><label for=\"drink-places2\"> <strong>Si vous avez besoin de plusieurs d\u00e9bits de boissons pour la m\u00eame manifestation, veuillez renseigner les champs ci-dessous : <\/strong><\/label>\n\t\t<\/p>\n\t\t<p class=\"drink-places\"><span class=\"wpcf7-form-control-wrap\" data-name=\"lieuboissons2\"><input size=\"40\" maxlength=\"400\" class=\"wpcf7-form-control wpcf7-text\" id=\"drink-places2\" aria-invalid=\"false\" placeholder=\"Exemple : Salle ...\" value=\"\" type=\"text\" name=\"lieuboissons2\" \/><\/span>\n\t\t<\/p>\n\t\t<p><label for=\"event-date-start2\" title=\"Date de d\u00e9but de l'\u00e9v\u00e8nement\"><strong>Date de d\u00e9but de debit de boissons <\/strong><\/label><span class=\"wpcf7-form-control-wrap\" data-name=\"event-date-start2\"><input class=\"wpcf7-form-control wpcf7-date wpcf7-validates-as-date\" id=\"event-date-start2\" aria-invalid=\"false\" placeholder=\"01\/01\/2023\" value=\"\" type=\"date\" name=\"event-date-start2\" \/><\/span><span class=\"acc\">(au format jj\/mm\/aaaa)<\/span>\n\t\t<\/p>\n\t\t<p><label for=\"event-date-end2\" title=\"Date de fin de l'\u00e9v\u00e8nement\"><strong>Date de fin de debit de boissons <\/strong><\/label><span class=\"wpcf7-form-control-wrap\" data-name=\"event-date-end2\"><input class=\"wpcf7-form-control wpcf7-date wpcf7-validates-as-date\" id=\"event-date-end2\" aria-invalid=\"false\" placeholder=\"03\/01\/2023\" value=\"\" type=\"date\" name=\"event-date-end2\" \/><\/span><span class=\"acc\">(au format jj\/mm\/aaaa)<\/span>\n\t\t<\/p>\n\t\t<p><label for=\"drink-hours2\"><strong>Horaires de debit de boissons <\/strong><\/label><span class=\"wpcf7-form-control-wrap\" data-name=\"drink-hours-text2\"><input size=\"40\" maxlength=\"400\" class=\"wpcf7-form-control wpcf7-text\" id=\"drink-hours2\" aria-invalid=\"false\" placeholder=\"10h00 - 22h00\" value=\"\" type=\"text\" name=\"drink-hours-text2\" \/><\/span> (au format 10h00 - 22h00)\n\t\t<\/p>\n\t\t<p><label for=\"drink-places3\" class=\"sr-only\"><strong>Autre lieu de debit de boissons<\/strong><\/label>\n\t\t<\/p>\n\t\t<p class=\"drink-places\"><span class=\"wpcf7-form-control-wrap\" data-name=\"lieuboissons3\"><input size=\"40\" maxlength=\"400\" class=\"wpcf7-form-control wpcf7-text\" id=\"drink-places3\" aria-invalid=\"false\" placeholder=\"Exemple : Salle ...\" value=\"\" type=\"text\" name=\"lieuboissons3\" \/><\/span>\n\t\t<\/p>\n\t\t<p><label for=\"event-date-start3\" title=\"Date de d\u00e9but de l'\u00e9v\u00e8nement\"><strong>Date de d\u00e9but de debit de boissons <\/strong><\/label><span class=\"wpcf7-form-control-wrap\" data-name=\"event-date-start3\"><input class=\"wpcf7-form-control wpcf7-date wpcf7-validates-as-date\" id=\"event-date-start3\" aria-invalid=\"false\" placeholder=\"01\/01\/2023\" value=\"\" type=\"date\" name=\"event-date-start3\" \/><\/span><span class=\"acc\">(au format jj\/mm\/aaaa)<\/span>\n\t\t<\/p>\n\t\t<p><label for=\"event-date-end3\" title=\"Date de fin de debit de boissons\"><strong>Date de fin de l'\u00e9v\u00e8nement <\/strong><\/label><span class=\"wpcf7-form-control-wrap\" data-name=\"event-date-end3\"><input class=\"wpcf7-form-control wpcf7-date wpcf7-validates-as-date\" id=\"event-date-end3\" aria-invalid=\"false\" placeholder=\"03\/01\/2023\" value=\"\" type=\"date\" name=\"event-date-end3\" \/><\/span><span class=\"acc\">(au format jj\/mm\/aaaa)<\/span>\n\t\t<\/p>\n\t\t<p><label for=\"drink-hours3\"><strong>Horaires de debit de boissons <\/strong><\/label><span class=\"wpcf7-form-control-wrap\" data-name=\"drink-hours-text3\"><input size=\"40\" maxlength=\"400\" class=\"wpcf7-form-control wpcf7-text\" id=\"drink-hours3\" aria-invalid=\"false\" placeholder=\"10h00 - 22h00\" value=\"\" type=\"text\" name=\"drink-hours-text3\" \/><\/span><span class=\"acc\">(au format 10h00 - 22h00)<\/span>\n\t\t<\/p>\n\t\t<p><br \/>\n<label for=\"agrement-asso\"><strong>Num\u00e9ro d'agr\u00e9ment pour les associations sportives \/ <span lang=\"eu\">Onespen zenbakia kirol elkarteen kasuan<\/span><\/strong><\/label><br \/>\n<span class=\"wpcf7-form-control-wrap\" data-name=\"agrement-asso-text\"><input size=\"40\" maxlength=\"400\" class=\"wpcf7-form-control wpcf7-text\" id=\"agrement-asso\" aria-invalid=\"false\" value=\"\" type=\"text\" name=\"agrement-asso-text\" \/><\/span>\n\t\t<\/p>\n\t<\/fieldset>\n\t<fieldset>\n\t\t<legend><strong>Avez-vous l'intention d'occuper le domaine public ? <span lang=\"eu\">Eremu publikoa okupatzekoa ote duzu?<\/span> (obligatoire)<\/strong>\n\t\t<\/legend>\n\t\t<p><label for=\"public-domain-checkbox\" class=\"sr-only\">Avez-vous l'intention d'occuper le domaine public ?<\/label><br \/>\n<span class=\"wpcf7-form-control-wrap\" data-name=\"public-domain-checkbox\"><span class=\"wpcf7-form-control wpcf7-checkbox wpcf7-validates-as-required wpcf7-exclusive-checkbox\" id=\"public-domain-checkbox\"><span class=\"wpcf7-list-item first\"><label><input type=\"checkbox\" name=\"public-domain-checkbox\" value=\"OUI\" \/><span class=\"wpcf7-list-item-label\">OUI<\/span><\/label><\/span><span class=\"wpcf7-list-item last\"><label><input type=\"checkbox\" name=\"public-domain-checkbox\" value=\"NON\" \/><span class=\"wpcf7-list-item-label\">NON<\/span><\/label><\/span><\/span><\/span>\n\t\t<\/p>\n\t\t<p><label for=\"public-domain-details\">Si oui, description pr\u00e9cise du lieu :<\/label><span class=\"wpcf7-form-control-wrap\" data-name=\"public-domain-details\"><input size=\"40\" maxlength=\"400\" class=\"wpcf7-form-control wpcf7-text\" id=\"public-domain-details\" aria-invalid=\"false\" value=\"\" type=\"text\" name=\"public-domain-details\" \/><\/span>\n\t\t<\/p>\n\t<\/fieldset>\n\t<fieldset>\n\t\t<legend><strong>Avez-vous l'intention d'installer un chapiteau \/ barnum ? <span lang=\"eu\"> Karpa bat ezartzekoa ote duzue?<\/span> (obligatoire)<\/strong>\n\t\t<\/legend>\n\t\t<p><label for=\"public-chapiteau-checkbox\" class=\"sr-only\">Avez-vous l'intention d'installer un chapiteau ?<\/label><br \/>\n<span class=\"wpcf7-form-control-wrap\" data-name=\"chapiteau-checkbox\"><span class=\"wpcf7-form-control wpcf7-checkbox wpcf7-validates-as-required wpcf7-exclusive-checkbox\" id=\"chapiteau-checkbox\"><span class=\"wpcf7-list-item first\"><label><input type=\"checkbox\" name=\"chapiteau-checkbox\" value=\"OUI\" \/><span class=\"wpcf7-list-item-label\">OUI<\/span><\/label><\/span><span class=\"wpcf7-list-item last\"><label><input type=\"checkbox\" name=\"chapiteau-checkbox\" value=\"NON\" \/><span class=\"wpcf7-list-item-label\">NON<\/span><\/label><\/span><\/span><\/span>\n\t\t<\/p>\n\t\t<p><I> Si oui, fournir obligatoirement l'extrait du registre de s\u00e9curit\u00e9 et l'assurance du prestataire. Fournir \u00e9galement le plan d'implantation et d'am\u00e9nagement PAR MAIL <strong> ( 1 MOIS AVANT LA MANIFESTATION )<\/strong> \u00e0 : <\/i>\n\t\t<\/p>\n\t\t<legend><strong>associations@ville-hasparren.fr<\/strong>\n\t\t<\/legend>\n\t\t<legend> Merci de bien v\u00e9rifier d'avoir compl\u00e9ter l'extrait du registre de s\u00e9curit\u00e9 dans la partie \"Organisateur\" avant envoie .\n\t\t<\/legend>\n\t<\/fieldset>\n\t<fieldset>\n\t\t<legend><strong>S\u00e9curit\u00e9 de la manifestation assur\u00e9e par un organisme \/ <span lang=\"eu\">Erakunde batek zainduko du ekitaldiaren segurtasuna<\/span> (obligatoire)<\/strong>\n\t\t<\/legend>\n\t\t<p><label for=\"safety-checkbox\" class=\"sr-only\">S\u00e9curit\u00e9 de la manifestation assur\u00e9e par un organisme<\/label><br \/>\n<span class=\"wpcf7-form-control-wrap\" data-name=\"safety-checkbox\"><span class=\"wpcf7-form-control wpcf7-checkbox wpcf7-validates-as-required wpcf7-exclusive-checkbox\" id=\"safety-checkbox\"><span class=\"wpcf7-list-item first\"><label><input type=\"checkbox\" name=\"safety-checkbox\" value=\"OUI\" \/><span class=\"wpcf7-list-item-label\">OUI<\/span><\/label><\/span><span class=\"wpcf7-list-item last\"><label><input type=\"checkbox\" name=\"safety-checkbox\" value=\"NON\" \/><span class=\"wpcf7-list-item-label\">NON<\/span><\/label><\/span><\/span><\/span>\n\t\t<\/p>\n\t\t<p><label for=\"safety-join\">Joindre OBLIGATOIREMENT une copie de votre demande \u00e9crite (types de fichiers accept\u00e9s : pdf-jpg \/ taille 5Mo maxi)<\/label><br \/>\n<span class=\"wpcf7-form-control-wrap\" data-name=\"safety-file\"><input size=\"40\" class=\"wpcf7-form-control wpcf7-file\" id=\"safety-join\" accept=\".jpg,.jpeg,.pdf\" aria-invalid=\"false\" type=\"file\" name=\"safety-file\" \/><\/span>\n\t\t<\/p>\n\t<\/fieldset>\n\t<fieldset>\n\t\t<p><label class=\"insurance-join\"><strong>Responsabilit\u00e9 Civile \/ <span lang=\"eu\">Erantzuletasun zibila<\/span> (obligatoire) : <\/strong>Fournir obligatoirement l'attestation d'assurance en cours de validit\u00e9 attestant la couverture de l'Association au titre de la RESPONSABILITE CIVILE et assurant les membres b\u00e9n\u00e9voles participant \u00e0 l'organisation de la manifestation<br \/>\n(types de fichiers accept\u00e9s : pdf-jpg \/ taille 5Mo maxi).<\/label><br \/>\n<label for=\"insurance-file\" class=\"sr-only\">T\u00e9l\u00e9chargez votre fichier<\/label><br \/>\n<span class=\"wpcf7-form-control-wrap\" data-name=\"insurance-file\"><input size=\"40\" class=\"wpcf7-form-control wpcf7-file wpcf7-validates-as-required\" id=\"insurance-file\" accept=\".pdf,.jpg,.jpeg\" aria-required=\"true\" aria-invalid=\"false\" type=\"file\" name=\"insurance-file\" \/><\/span>\n\t\t<\/p>\n\t<\/fieldset>\n\t<fieldset>\n\t\t<legend><strong>Souhaitez-vous du mat\u00e9riel ? <span lang=\"eu\">Materiala nahi ote zenuke?<\/span> (obligatoire)<\/strong>\n\t\t<\/legend>\n\t\t<p><label for=\"material-checkbox\" class=\"sr-only\">Souhaitez-vous du mat\u00e9riel ?<\/label>\n\t\t<\/p>\n\t\t<p><span class=\"wpcf7-form-control-wrap\" data-name=\"material-checkbox\"><span class=\"wpcf7-form-control wpcf7-checkbox wpcf7-validates-as-required wpcf7-exclusive-checkbox\" id=\"material-checkbox\"><span class=\"wpcf7-list-item first\"><label><input type=\"checkbox\" name=\"material-checkbox\" value=\"OUI\" \/><span class=\"wpcf7-list-item-label\">OUI<\/span><\/label><\/span><span class=\"wpcf7-list-item last\"><label><input type=\"checkbox\" name=\"material-checkbox\" value=\"NON\" \/><span class=\"wpcf7-list-item-label\">NON<\/span><\/label><\/span><\/span><\/span>\n\t\t<\/p>\n\t\t<p><label for=\"installations-checkbox4\" class=\"sr-only\">Podium modulable Hitza Pitz - Hauteur : 0,60m (Montage \u00e0 la charge de l'organisateur)<\/label><br \/>\n<span class=\"wpcf7-form-control-wrap\" data-name=\"installations-checkbox4\"><span class=\"wpcf7-form-control wpcf7-checkbox\" id=\"installations-checkbox4\"><span class=\"wpcf7-list-item first last\"><label><input type=\"checkbox\" name=\"installations-checkbox4[]\" value=\"Podium modulable Hitza Pitz - Hauteur : 0,60m (Montage et d\u00e9montage \u00e0 la charge de l&#039;organisateur)\" \/><span class=\"wpcf7-list-item-label\">Podium modulable Hitza Pitz - Hauteur : 0,60m (Montage et d\u00e9montage \u00e0 la charge de l&#039;organisateur)<\/span><\/label><\/span><\/span><\/span>\n\t\t<\/p>\n\t\t<legend><strong>Taille souhait\u00e9e \/ <span lang=\"eu\">Nahi den izaria:<\/span> (obligatoire)<\/strong>\n\t\t<\/legend>\n\t\t<p><span class=\"wpcf7-form-control-wrap\" data-name=\"TaillePodiumHitza\"><input size=\"40\" maxlength=\"400\" class=\"wpcf7-form-control wpcf7-text\" id=\"TaillePodiumHitza\" aria-invalid=\"false\" placeholder=\"Exemple : 4 x 2\" value=\"\" type=\"text\" name=\"TaillePodiumHitza\" \/><\/span>\n\t\t<\/p>\n\t\t<p><label for=\"installations-checkbox3\" class=\"sr-only\">Podium praticable - Dimensions : 2mx1 (hauteur possible : 20cm; 40cm; 60cm; 80cm) ( Montage \u00e0 la charge de l'organisateur )<\/label><br \/>\n<span class=\"wpcf7-form-control-wrap\" data-name=\"installations-checkbox3\"><span class=\"wpcf7-form-control wpcf7-checkbox\" id=\"installations-checkbox3\"><span class=\"wpcf7-list-item first last\"><label><input type=\"checkbox\" name=\"installations-checkbox3[]\" value=\"Podium praticable - Dimensions :  2mx1 (hauteur possible : 20cm; 40cm; 60cm; 80cm) ( Montage et d\u00e9montage \u00e0 la charge de l&#039;organisateur )\" \/><span class=\"wpcf7-list-item-label\">Podium praticable - Dimensions :  2mx1 (hauteur possible : 20cm; 40cm; 60cm; 80cm) ( Montage et d\u00e9montage \u00e0 la charge de l&#039;organisateur )<\/span><\/label><\/span><\/span><\/span>\n\t\t<\/p>\n\t\t<legend><strong>Quantit\u00e9 souhait\u00e9e (max:5) \/ <span lang=\"eu\">Nahi den kantitatea:<\/span> <\/strong>\n\t\t<\/legend>\n\t\t<p><span class=\"wpcf7-form-control-wrap\" data-name=\"number_praticable-841\"><input class=\"wpcf7-form-control wpcf7-number wpcf7-validates-as-number\" min=\"1\" max=\"5\" aria-invalid=\"false\" value=\"nombre praticable\" type=\"number\" name=\"number_praticable-841\" \/><\/span>\n\t\t<\/p>\n\t\t<p><label for=\"installations-checkbox5\" class=\"sr-only\">Barri\u00e8res girondines (en fonction du stock)<\/label>\n\t\t<\/p>\n\t\t<p><span class=\"wpcf7-form-control-wrap\" data-name=\"installations-checkbox5\"><span class=\"wpcf7-form-control wpcf7-checkbox\" id=\"installations-checkbox5\"><span class=\"wpcf7-list-item first last\"><label><input type=\"checkbox\" name=\"installations-checkbox5[]\" value=\"Barri\u00e8res girondines (en fonction du stock)\" \/><span class=\"wpcf7-list-item-label\">Barri\u00e8res girondines (en fonction du stock)<\/span><\/label><\/span><\/span><\/span>\n\t\t<\/p>\n\t\t<p><strong>Quantit\u00e9 \/ Nahi den kantitatea: <\/strong><span class=\"wpcf7-form-control-wrap\" data-name=\"Quantite-girondine\"><input class=\"wpcf7-form-control wpcf7-number wpcf7-validates-as-number\" id=\"Quantite-girondine\" min=\"0\" max=\"99\" aria-invalid=\"false\" value=\"\" type=\"number\" name=\"Quantite-girondine\" \/><\/span>\n\t\t<\/p>\n\t\t<p><label for=\"installations-checkbox6\" class=\"sr-only\">Grandes barri\u00e8res HERAS avec les plots (en fonction du stock)<\/label><br \/>\n<span class=\"wpcf7-form-control-wrap\" data-name=\"installations-checkbox6\"><span class=\"wpcf7-form-control wpcf7-checkbox\" id=\"installations-checkbox6\"><span class=\"wpcf7-list-item first last\"><label><input type=\"checkbox\" name=\"installations-checkbox6[]\" value=\"Grandes barri\u00e8res HERAS avec les plots (en fonction du stock)\" \/><span class=\"wpcf7-list-item-label\">Grandes barri\u00e8res HERAS avec les plots (en fonction du stock)<\/span><\/label><\/span><\/span><\/span><br \/>\n<strong> Quantit\u00e9 \/ Nahi den kantitatea: <\/strong><span class=\"wpcf7-form-control-wrap\" data-name=\"Quantite-grd-barrieres\"><input class=\"wpcf7-form-control wpcf7-number wpcf7-validates-as-number\" id=\"Quantite-grd-barrieres\" min=\"0\" max=\"99\" aria-invalid=\"false\" value=\"\" type=\"number\" name=\"Quantite-grd-barrieres\" \/><\/span>\n\t\t<\/p>\n\t<\/fieldset>\n\t<fieldset>\n\t\t<p><label for=\"second-contact\"><strong>Nom et pr\u00e9nom d'un(e) responsable (autre que Pr\u00e9sident(e)) \/ <span lang=\"eu\">Arduradun baten izena eta deitura (lehendakariaz gain)<\/span> (obligatoire)<\/strong><\/label><span class=\"wpcf7-form-control-wrap\" data-name=\"second-contact\"><input size=\"40\" maxlength=\"400\" class=\"wpcf7-form-control wpcf7-text wpcf7-validates-as-required\" id=\"second-contact\" aria-required=\"true\" aria-invalid=\"false\" placeholder=\"Exemple : Etchegaray Jean\" value=\"\" type=\"text\" name=\"second-contact\" \/><\/span><br \/>\n<label for=\"second-tel\"><strong>T\u00e9l\u00e9phone \/ <span lang=\"eu\">Telefono zenbakia<\/span> (obligatoire)<\/strong><\/label><span class=\"wpcf7-form-control-wrap\" data-name=\"second-tel\"><input size=\"40\" maxlength=\"400\" class=\"wpcf7-form-control wpcf7-tel wpcf7-validates-as-required wpcf7-text wpcf7-validates-as-tel\" id=\"second-tel\" aria-required=\"true\" aria-invalid=\"false\" placeholder=\"0612345678\" value=\"\" type=\"tel\" name=\"second-tel\" \/><\/span>\n\t\t<\/p>\n\t<\/fieldset>\n\t<p><label for=\"event-comments\"><strong>Commentaires \/ <span lang=\"eu\">Oharrak<\/span><\/strong><\/label>\n\t<\/p>\n\t<p><span class=\"wpcf7-form-control-wrap\" data-name=\"comments-area\"><textarea cols=\"40\" rows=\"10\" maxlength=\"2000\" class=\"wpcf7-form-control wpcf7-textarea\" id=\"event-comments\" aria-invalid=\"false\" name=\"comments-area\"><\/textarea><\/span>\n\t<\/p>\n\t<p>En cliquant sur \"Envoyer\", je m'engage \u00e0 respecter les dispositions du r\u00e8glement int\u00e9rieur en vigueur.\n\t<\/p>\n\t<p><input class=\"wpcf7-form-control wpcf7-submit has-spinner\" type=\"submit\" value=\"Envoyer\" \/>\n\t<\/p>\n<\/fieldset><div class=\"wpcf7-response-output\" aria-hidden=\"true\"><\/div>\n<\/form>\n<\/div>\n<\/div>\n\n\n<p><em>Pour des renseignements ou le suivi de votre demande, vous pouvez envoyer un mail \u00e0 : associations@ville-hasparren.fr<\/em><\/p>\n<p>\u00a0<\/p>\n<h2 style=\"text-align: center;\">Obligations des organisateurs en mati\u00e8re de s\u00e9curit\u00e9<\/h2>\n<p><strong><span class=\"underline\" style=\"text-decoration: underline;\">RAPPEL<\/span><\/strong><br \/>Les organisateurs sont responsables de la s\u00e9curit\u00e9 g\u00e9n\u00e9rale du rassemblement, particuli\u00e8rement celle des participants. Un service de s\u00e9curit\u00e9 propre doit veiller au bon d\u00e9roulement du rassemblement (filtrage des acc\u00e8s, contr\u00f4le des personnes, service d\u2019ordre) et assurer la liaison avec les forces de l\u2019ordre. Il peut \u00eatre confi\u00e9 \u00e0 un service de s\u00e9curit\u00e9 priv\u00e9e<\/p>\n<p><strong><span class=\"underline\">Dans le cadre du plan VIGIPIRATE actualis\u00e9<\/span><\/strong><br \/>La surveillance et le contr\u00f4le des acc\u00e8s des personnes sont particuli\u00e8rement accrus. Sans compromettre la qualit\u00e9 des contr\u00f4les, les organisateurs doivent prendre les dispositions qui permettent de fluidifier les acc\u00e8s au site. Les services d\u2019ordre mis en place prendront donc en compte \u00e0 la fois la s\u00e9curit\u00e9 des personnes et des biens.<br \/>Les organisateurs doivent signaler la pr\u00e9sence de cartons ou de colis suspects. De m\u00eame, ils doivent alerter les services de police ou de gendarmerie (17)<\/p>\n<p>\u00a0<\/p>","protected":false},"excerpt":{"rendered":"<p>Vous souhaitez organiser une manifestation, vous avez besoin d\u2019une salle, de mat\u00e9riel ou d&#8217;ouvrir une buvette temporaire, merci de remplir le formulaire. IMPORTANT : Demande \u00e0 adresser \u00e0 la Mairie [&hellip;]<\/p>\n","protected":false},"author":14,"featured_media":13133,"comment_status":"closed","ping_status":"open","sticky":false,"template":"","format":"standard","meta":{"_acf_changed":false,"cybocfi_hide_featured_image":"yes","footnotes":""},"categories":[993],"tags":[971],"class_list":["post-14578","post","type-post","status-publish","format-standard","has-post-thumbnail","hentry","category-demarches-et-associations","tag-kirolak","clearfix"],"acf":[],"yoast_head":"<!-- This site is optimized with the Yoast SEO plugin v27.5 - https:\/\/yoast.com\/product\/yoast-seo-wordpress\/ -->\n<title>Demande de salle, de mat\u00e9riel et de d\u00e9bit de boissons temporaire \/ Gela, material eta aldi bateko ostatu galdea - Hasparren, commune du Pays Basque<\/title>\n<meta name=\"description\" content=\"Demande de salle, de mat\u00e9riel et de d\u00e9bit de boissons temporaire \/ Gela, material eta aldi bateko ostatu galdea - Hasparren, commune du Pays Basque\" \/>\n<meta name=\"robots\" content=\"index, follow, max-snippet:-1, max-image-preview:large, max-video-preview:-1\" \/>\n<link rel=\"canonical\" href=\"https:\/\/hasparren.fr\/eu\/demandes-de-manifestations\/\" \/>\n<meta property=\"og:locale\" content=\"eu_ES\" \/>\n<meta property=\"og:type\" content=\"article\" \/>\n<meta property=\"og:title\" content=\"Demande de salle, de mat\u00e9riel et de d\u00e9bit de boissons temporaire \/ Gela, material eta aldi bateko ostatu galdea - Hasparren, commune du Pays Basque\" \/>\n<meta property=\"og:description\" content=\"Demande de salle, de mat\u00e9riel et de d\u00e9bit de boissons temporaire \/ Gela, material eta aldi bateko ostatu galdea - Hasparren, commune du Pays Basque\" \/>\n<meta property=\"og:url\" content=\"https:\/\/hasparren.fr\/eu\/demandes-de-manifestations\/\" \/>\n<meta property=\"og:site_name\" content=\"Hasparren, commune du Pays Basque\" \/>\n<meta property=\"article:published_time\" content=\"2020-09-22T14:14:54+00:00\" \/>\n<meta property=\"article:modified_time\" content=\"2022-06-09T13:28:27+00:00\" \/>\n<meta property=\"og:image\" content=\"https:\/\/hasparren.fr\/wp-content\/uploads\/2020\/10\/hasparren-categorie-e1605709389335.jpg\" \/>\n\t<meta property=\"og:image:width\" content=\"895\" \/>\n\t<meta property=\"og:image:height\" content=\"443\" \/>\n\t<meta property=\"og:image:type\" content=\"image\/jpeg\" \/>\n<meta name=\"author\" content=\"Jonathan Ade-urban\" \/>\n<meta name=\"twitter:card\" content=\"summary_large_image\" \/>\n<meta name=\"twitter:label1\" content=\"Written by\" \/>\n\t<meta name=\"twitter:data1\" content=\"Jonathan Ade-urban\" \/>\n\t<meta name=\"twitter:label2\" content=\"Est. reading time\" \/>\n\t<meta name=\"twitter:data2\" content=\"2 minutua\" \/>\n<script type=\"application\/ld+json\" class=\"yoast-schema-graph\">{\"@context\":\"https:\\\/\\\/schema.org\",\"@graph\":[{\"@type\":\"Article\",\"@id\":\"https:\\\/\\\/hasparren.fr\\\/eu\\\/demandes-de-manifestations\\\/#article\",\"isPartOf\":{\"@id\":\"https:\\\/\\\/hasparren.fr\\\/eu\\\/demandes-de-manifestations\\\/\"},\"author\":{\"name\":\"Jonathan Ade-urban\",\"@id\":\"https:\\\/\\\/hasparren.fr\\\/#\\\/schema\\\/person\\\/da1441aa8e4ef3cb9bc163683a473a65\"},\"headline\":\"Demande de salle, de mat\u00e9riel et de d\u00e9bit de boissons temporaire \\\/ Gela, material eta aldi bateko ostatu galdea\",\"datePublished\":\"2020-09-22T14:14:54+00:00\",\"dateModified\":\"2022-06-09T13:28:27+00:00\",\"mainEntityOfPage\":{\"@id\":\"https:\\\/\\\/hasparren.fr\\\/eu\\\/demandes-de-manifestations\\\/\"},\"wordCount\":252,\"image\":{\"@id\":\"https:\\\/\\\/hasparren.fr\\\/eu\\\/demandes-de-manifestations\\\/#primaryimage\"},\"thumbnailUrl\":\"https:\\\/\\\/hasparren.fr\\\/wp-content\\\/uploads\\\/2020\\\/10\\\/hasparren-categorie-e1605709389335.jpg\",\"keywords\":[\"Kirolak\"],\"articleSection\":[\"Elkarteak\"],\"inLanguage\":\"eu\"},{\"@type\":\"WebPage\",\"@id\":\"https:\\\/\\\/hasparren.fr\\\/eu\\\/demandes-de-manifestations\\\/\",\"url\":\"https:\\\/\\\/hasparren.fr\\\/eu\\\/demandes-de-manifestations\\\/\",\"name\":\"Demande de salle, de mat\u00e9riel et de d\u00e9bit de boissons temporaire \\\/ Gela, material eta aldi bateko ostatu galdea - Hasparren, commune du Pays Basque\",\"isPartOf\":{\"@id\":\"https:\\\/\\\/hasparren.fr\\\/#website\"},\"primaryImageOfPage\":{\"@id\":\"https:\\\/\\\/hasparren.fr\\\/eu\\\/demandes-de-manifestations\\\/#primaryimage\"},\"image\":{\"@id\":\"https:\\\/\\\/hasparren.fr\\\/eu\\\/demandes-de-manifestations\\\/#primaryimage\"},\"thumbnailUrl\":\"https:\\\/\\\/hasparren.fr\\\/wp-content\\\/uploads\\\/2020\\\/10\\\/hasparren-categorie-e1605709389335.jpg\",\"datePublished\":\"2020-09-22T14:14:54+00:00\",\"dateModified\":\"2022-06-09T13:28:27+00:00\",\"author\":{\"@id\":\"https:\\\/\\\/hasparren.fr\\\/#\\\/schema\\\/person\\\/da1441aa8e4ef3cb9bc163683a473a65\"},\"description\":\"Demande de salle, de mat\u00e9riel et de d\u00e9bit de boissons temporaire \\\/ Gela, material eta aldi bateko ostatu galdea - Hasparren, commune du Pays Basque\",\"breadcrumb\":{\"@id\":\"https:\\\/\\\/hasparren.fr\\\/eu\\\/demandes-de-manifestations\\\/#breadcrumb\"},\"inLanguage\":\"eu\",\"potentialAction\":[{\"@type\":\"ReadAction\",\"target\":[\"https:\\\/\\\/hasparren.fr\\\/eu\\\/demandes-de-manifestations\\\/\"]}]},{\"@type\":\"BreadcrumbList\",\"@id\":\"https:\\\/\\\/hasparren.fr\\\/eu\\\/demandes-de-manifestations\\\/#breadcrumb\",\"itemListElement\":[{\"@type\":\"ListItem\",\"position\":1,\"name\":\"Accueil\",\"item\":\"https:\\\/\\\/hasparren.fr\\\/eu\\\/\"},{\"@type\":\"ListItem\",\"position\":2,\"name\":\"Demande de salle, de mat\u00e9riel et de d\u00e9bit de boissons temporaire \\\/ Gela, material eta aldi bateko ostatu galdea\"}]},{\"@type\":\"WebSite\",\"@id\":\"https:\\\/\\\/hasparren.fr\\\/#website\",\"url\":\"https:\\\/\\\/hasparren.fr\\\/\",\"name\":\"Hasparren, commune du Pays Basque\",\"description\":\"Hasparren, commune du Pays Basque\",\"potentialAction\":[{\"@type\":\"SearchAction\",\"target\":{\"@type\":\"EntryPoint\",\"urlTemplate\":\"https:\\\/\\\/hasparren.fr\\\/?s={search_term_string}\"},\"query-input\":{\"@type\":\"PropertyValueSpecification\",\"valueRequired\":true,\"valueName\":\"search_term_string\"}}],\"inLanguage\":\"eu\"},{\"@type\":\"Person\",\"@id\":\"https:\\\/\\\/hasparren.fr\\\/#\\\/schema\\\/person\\\/da1441aa8e4ef3cb9bc163683a473a65\",\"name\":\"Jonathan Ade-urban\"}]}<\/script>\n<!-- \/ Yoast SEO plugin. -->","yoast_head_json":{"title":"Demande de salle, de mat\u00e9riel et de d\u00e9bit de boissons temporaire \/ Gela, material eta aldi bateko ostatu galdea - Hasparren, commune du Pays Basque","description":"Demande de salle, de mat\u00e9riel et de d\u00e9bit de boissons temporaire \/ Gela, material eta aldi bateko ostatu galdea - Hasparren, commune du Pays Basque","robots":{"index":"index","follow":"follow","max-snippet":"max-snippet:-1","max-image-preview":"max-image-preview:large","max-video-preview":"max-video-preview:-1"},"canonical":"https:\/\/hasparren.fr\/eu\/demandes-de-manifestations\/","og_locale":"eu_ES","og_type":"article","og_title":"Demande de salle, de mat\u00e9riel et de d\u00e9bit de boissons temporaire \/ Gela, material eta aldi bateko ostatu galdea - Hasparren, commune du Pays Basque","og_description":"Demande de salle, de mat\u00e9riel et de d\u00e9bit de boissons temporaire \/ Gela, material eta aldi bateko ostatu galdea - Hasparren, commune du Pays Basque","og_url":"https:\/\/hasparren.fr\/eu\/demandes-de-manifestations\/","og_site_name":"Hasparren, commune du Pays Basque","article_published_time":"2020-09-22T14:14:54+00:00","article_modified_time":"2022-06-09T13:28:27+00:00","og_image":[{"width":895,"height":443,"url":"https:\/\/hasparren.fr\/wp-content\/uploads\/2020\/10\/hasparren-categorie-e1605709389335.jpg","type":"image\/jpeg"}],"author":"Jonathan Ade-urban","twitter_card":"summary_large_image","twitter_misc":{"Written by":"Jonathan Ade-urban","Est. reading time":"2 minutua"},"schema":{"@context":"https:\/\/schema.org","@graph":[{"@type":"Article","@id":"https:\/\/hasparren.fr\/eu\/demandes-de-manifestations\/#article","isPartOf":{"@id":"https:\/\/hasparren.fr\/eu\/demandes-de-manifestations\/"},"author":{"name":"Jonathan Ade-urban","@id":"https:\/\/hasparren.fr\/#\/schema\/person\/da1441aa8e4ef3cb9bc163683a473a65"},"headline":"Demande de salle, de mat\u00e9riel et de d\u00e9bit de boissons temporaire \/ Gela, material eta aldi bateko ostatu galdea","datePublished":"2020-09-22T14:14:54+00:00","dateModified":"2022-06-09T13:28:27+00:00","mainEntityOfPage":{"@id":"https:\/\/hasparren.fr\/eu\/demandes-de-manifestations\/"},"wordCount":252,"image":{"@id":"https:\/\/hasparren.fr\/eu\/demandes-de-manifestations\/#primaryimage"},"thumbnailUrl":"https:\/\/hasparren.fr\/wp-content\/uploads\/2020\/10\/hasparren-categorie-e1605709389335.jpg","keywords":["Kirolak"],"articleSection":["Elkarteak"],"inLanguage":"eu"},{"@type":"WebPage","@id":"https:\/\/hasparren.fr\/eu\/demandes-de-manifestations\/","url":"https:\/\/hasparren.fr\/eu\/demandes-de-manifestations\/","name":"Demande de salle, de mat\u00e9riel et de d\u00e9bit de boissons temporaire \/ Gela, material eta aldi bateko ostatu galdea - Hasparren, commune du Pays Basque","isPartOf":{"@id":"https:\/\/hasparren.fr\/#website"},"primaryImageOfPage":{"@id":"https:\/\/hasparren.fr\/eu\/demandes-de-manifestations\/#primaryimage"},"image":{"@id":"https:\/\/hasparren.fr\/eu\/demandes-de-manifestations\/#primaryimage"},"thumbnailUrl":"https:\/\/hasparren.fr\/wp-content\/uploads\/2020\/10\/hasparren-categorie-e1605709389335.jpg","datePublished":"2020-09-22T14:14:54+00:00","dateModified":"2022-06-09T13:28:27+00:00","author":{"@id":"https:\/\/hasparren.fr\/#\/schema\/person\/da1441aa8e4ef3cb9bc163683a473a65"},"description":"Demande de salle, de mat\u00e9riel et de d\u00e9bit de boissons temporaire \/ Gela, material eta aldi bateko ostatu galdea - Hasparren, commune du Pays Basque","breadcrumb":{"@id":"https:\/\/hasparren.fr\/eu\/demandes-de-manifestations\/#breadcrumb"},"inLanguage":"eu","potentialAction":[{"@type":"ReadAction","target":["https:\/\/hasparren.fr\/eu\/demandes-de-manifestations\/"]}]},{"@type":"BreadcrumbList","@id":"https:\/\/hasparren.fr\/eu\/demandes-de-manifestations\/#breadcrumb","itemListElement":[{"@type":"ListItem","position":1,"name":"Accueil","item":"https:\/\/hasparren.fr\/eu\/"},{"@type":"ListItem","position":2,"name":"Demande de salle, de mat\u00e9riel et de d\u00e9bit de boissons temporaire \/ Gela, material eta aldi bateko ostatu galdea"}]},{"@type":"WebSite","@id":"https:\/\/hasparren.fr\/#website","url":"https:\/\/hasparren.fr\/","name":"Hasparren, commune du Pays Basque","description":"Hasparren, commune du Pays Basque","potentialAction":[{"@type":"SearchAction","target":{"@type":"EntryPoint","urlTemplate":"https:\/\/hasparren.fr\/?s={search_term_string}"},"query-input":{"@type":"PropertyValueSpecification","valueRequired":true,"valueName":"search_term_string"}}],"inLanguage":"eu"},{"@type":"Person","@id":"https:\/\/hasparren.fr\/#\/schema\/person\/da1441aa8e4ef3cb9bc163683a473a65","name":"Jonathan Ade-urban"}]}},"publishpress_future_action":{"enabled":false,"date":"2026-05-07 00:29:29","action":"change-status","newStatus":"draft","terms":[],"taxonomy":"category","extraData":[]},"publishpress_future_workflow_manual_trigger":{"enabledWorkflows":[]},"_links":{"self":[{"href":"https:\/\/hasparren.fr\/eu\/wp-json\/wp\/v2\/posts\/14578","targetHints":{"allow":["GET"]}}],"collection":[{"href":"https:\/\/hasparren.fr\/eu\/wp-json\/wp\/v2\/posts"}],"about":[{"href":"https:\/\/hasparren.fr\/eu\/wp-json\/wp\/v2\/types\/post"}],"author":[{"embeddable":true,"href":"https:\/\/hasparren.fr\/eu\/wp-json\/wp\/v2\/users\/14"}],"replies":[{"embeddable":true,"href":"https:\/\/hasparren.fr\/eu\/wp-json\/wp\/v2\/comments?post=14578"}],"version-history":[{"count":37,"href":"https:\/\/hasparren.fr\/eu\/wp-json\/wp\/v2\/posts\/14578\/revisions"}],"predecessor-version":[{"id":33198,"href":"https:\/\/hasparren.fr\/eu\/wp-json\/wp\/v2\/posts\/14578\/revisions\/33198"}],"wp:featuredmedia":[{"embeddable":true,"href":"https:\/\/hasparren.fr\/eu\/wp-json\/wp\/v2\/media\/13133"}],"wp:attachment":[{"href":"https:\/\/hasparren.fr\/eu\/wp-json\/wp\/v2\/media?parent=14578"}],"wp:term":[{"taxonomy":"category","embeddable":true,"href":"https:\/\/hasparren.fr\/eu\/wp-json\/wp\/v2\/categories?post=14578"},{"taxonomy":"post_tag","embeddable":true,"href":"https:\/\/hasparren.fr\/eu\/wp-json\/wp\/v2\/tags?post=14578"}],"curies":[{"name":"wp","href":"https:\/\/api.w.org\/{rel}","templated":true}]}}