{"id":22184,"date":"2021-09-09T13:49:21","date_gmt":"2021-09-09T11:49:21","guid":{"rendered":"http:\/\/s864240641.onlinehome.fr\/NewWp\/?p=22184"},"modified":"2022-03-08T12:04:56","modified_gmt":"2022-03-08T11:04:56","slug":"jondoni-joane-batista-eliza","status":"publish","type":"post","link":"https:\/\/hasparren.fr\/eu\/jondoni-joane-batista-eliza\/","title":{"rendered":"Jondoni Joane Batista eliza"},"content":{"rendered":"<h2 style=\"text-align: left;\">Jondoni Joane Batista elizaren aurkezpena<\/h2>\n<p class=\"pe-info\"><i class=\"fa fa-info-circle fa-1x\" aria-hidden=\"true\"><\/i><strong>Eraikitzea<\/strong> : XVIe si\u00e8cle<br \/>\n<strong>Handitzea<\/strong> : Vers 1661<br \/>\n<strong>Berrantolaketa<\/strong>\u00a0: XIXe si\u00e8cle<br \/>\n<strong>Galerien eraikitzea<\/strong> : 1858 \/ 1859<br \/>\n<strong>Berreraikitzea<\/strong> : 1879 \/ 1883<br \/>\n<strong>Kontsakrazioa<\/strong> : 1886<br \/>\n<strong>Sortzaileak<\/strong> : J.B. Perini, Charles Besoin, \u00c9mile Doy\u00e8re arkitetoak<\/p>\n<h3 style=\"text-align: left;\">Jondoni Joaneri eskaini eliza<\/h3>\n<p style=\"text-align: left;\">Hazparneko parrokiako eliza Jondoni Joane Batistari eskainia da; XVI. mendean eraiki zen eta aldare nagusiaren oinarrian erromatar idazkun inportante bat bada.<\/p>\n<p><img loading=\"lazy\" decoding=\"async\" class=\"alignright size-full wp-image-18457\" src=\"http:\/\/hasparren.fr\/wp-content\/uploads\/2012\/07\/eglise-st-jb.jpg\" alt=\"Hasparren : \u00c9glise Saint-Jean-Baptiste\" width=\"1000\" height=\"486\" srcset=\"https:\/\/hasparren.fr\/wp-content\/uploads\/2012\/07\/eglise-st-jb.jpg 1000w, https:\/\/hasparren.fr\/wp-content\/uploads\/2012\/07\/eglise-st-jb-500x243.jpg 500w, https:\/\/hasparren.fr\/wp-content\/uploads\/2012\/07\/eglise-st-jb-768x373.jpg 768w, https:\/\/hasparren.fr\/wp-content\/uploads\/2012\/07\/eglise-st-jb-170x83.jpg 170w, https:\/\/hasparren.fr\/wp-content\/uploads\/2012\/07\/eglise-st-jb-980x476.jpg 980w\" sizes=\"auto, (max-width: 1000px) 100vw, 1000px\" \/><\/p>\n<h4 style=\"text-align: left;\">Elizaren historia<\/h4>\n<p style=\"text-align: left;\">1661ean, eliza ttipiegia zen beti eta gehiago ziren fededunen hartzeko. Beraz, eliza handitzeko antolaketak hasi ziren.<\/p>\n<p style=\"text-align: left;\">Berrikuntza eta eraikuntza franko egin ziren XIX. mendean. 1835ean hasi ziren: korua, absidea eta kaperak eraiki ziren. Obrak J.B. Perini arkitektoak egin zituen. Euskal arkitekturan ohikoak diren zurezko galeriak eraiki zituen Charles Besoin arkitektoak 1858. eta 1859. urteetan.<\/p>\n<p style=\"text-align: left;\">Eraikina egoera txarrean zen eta osoki berriz eraiki behar izan zen. \u00c9mile Doy\u00e8re arkitektoak 1877an proposatu proiektua bi urte berantago abiatu zuen Saint-Martin Harotxena enpresaburuak, eta obrak 1879an bururatu ziren. Eliza berria Ducellier apezpikuak kontsakratu zuen 1886an.<\/p>\n<p style=\"text-align: left;\">Hazparneko Jondoni Joane Batista elizako apaindurak oraino XIX. mendeko berreraikuntzakoak dira. Charles-Fran\u00e7ois Champigneullek berinateak egin zituen 1882an eta L\u00e9on Bonnaten ikaslea zen Daniel Saub\u00e8sek absideko gangan margolana egin zuen 1895ean. Gaur egun Ipar Euskal Herriko eliza handienetarik da.<\/p>\n<h3>Jondoni Joane Batista elizako galeria<\/h3>\n<p style=\"text-align: left;\">Jondoni Joane Batista elizan galeriak badira bi estaitan, zurean zizelkatuak.<\/p>\n<p style=\"text-align: left;\">Euskal Herriko elizetan galeria estaia bat edo gehiago bada, nabearen gainaldean, eta tradizioz gizonak ziren igaten meza denboran, emazteek eta haurrek beherean zuten lekua.<\/p>\n<p style=\"text-align: left;\">Jondoni Joane Batista eliza XVI. mendekoa da, bizkitartean XIX. mendean birmoldaketa franko egin ziren. Beraz, oraingo galeriak 1858 eta 1859koak dira, Charles Besoin arkitektoak eginak.<\/p>\n<p style=\"text-align: left;\">Jondoni Joane Batista eliza biziki zabala da, 1 800 fededun har ditzake.<\/p>\n<p><img loading=\"lazy\" decoding=\"async\" class=\"alignright size-full wp-image-18461\" src=\"http:\/\/hasparren.fr\/wp-content\/uploads\/2012\/07\/eglise-st-jb-2.jpg\" alt=\"Hasparren : L\u2019\u00e9glise Saint-Jean-Baptiste\" width=\"1000\" height=\"486\" srcset=\"https:\/\/hasparren.fr\/wp-content\/uploads\/2012\/07\/eglise-st-jb-2.jpg 1000w, https:\/\/hasparren.fr\/wp-content\/uploads\/2012\/07\/eglise-st-jb-2-500x243.jpg 500w, https:\/\/hasparren.fr\/wp-content\/uploads\/2012\/07\/eglise-st-jb-2-768x373.jpg 768w, https:\/\/hasparren.fr\/wp-content\/uploads\/2012\/07\/eglise-st-jb-2-170x83.jpg 170w, https:\/\/hasparren.fr\/wp-content\/uploads\/2012\/07\/eglise-st-jb-2-980x476.jpg 980w\" sizes=\"auto, (max-width: 1000px) 100vw, 1000px\" \/><\/p>\n<h2>Kokatu Jondoni Joane Batista eliza<\/h2>\n<p><iframe loading=\"lazy\" title=\"Situer l'\u00e9glise saint jean de baptise\" src=\"\/\/umap.openstreetmap.fr\/fr\/map\/hasparren-eglise-saint-jean-de-baptiste_709555?scaleControl=false&amp;miniMap=false&amp;scrollWheelZoom=false&amp;zoomControl=true&amp;allowEdit=false&amp;moreControl=true&amp;searchControl=null&amp;tilelayersControl=null&amp;embedControl=null&amp;datalayersControl=true&amp;onLoadPanel=undefined&amp;captionBar=false\" width=\"100%\" height=\"300px\" frameborder=\"0\" allowfullscreen=\"allowfullscreen\"><\/iframe><\/p>\n","protected":false},"excerpt":{"rendered":"<p>Jondoni Joane Batista elizaren aurkezpena Eraikitzea : XVIe si\u00e8cle Handitzea : Vers 1661 Berrantolaketa\u00a0: XIXe si\u00e8cle Galerien eraikitzea : 1858 \/ 1859 Berreraikitzea : 1879 \/ 1883 Kontsakrazioa : 1886 [&hellip;]<\/p>\n","protected":false},"author":14,"featured_media":13133,"comment_status":"open","ping_status":"open","sticky":false,"template":"","format":"standard","meta":{"_acf_changed":false,"cybocfi_hide_featured_image":"yes","footnotes":""},"categories":[840],"tags":[969],"class_list":["post-22184","post","type-post","status-publish","format-standard","has-post-thumbnail","hentry","category-ondarea","tag-ondarea","clearfix"],"acf":[],"yoast_head":"<!-- This site is optimized with the Yoast SEO plugin v27.4 - https:\/\/yoast.com\/product\/yoast-seo-wordpress\/ -->\n<title>Jondoni Joane Batista eliza - Hasparren, commune du Pays Basque<\/title>\n<meta name=\"description\" content=\"Jondoni Joane Batista eliza - Ondarea Hasparren, commune du Pays Basque\" \/>\n<meta name=\"robots\" content=\"index, follow, max-snippet:-1, max-image-preview:large, max-video-preview:-1\" \/>\n<link rel=\"canonical\" href=\"https:\/\/hasparren.fr\/eu\/jondoni-joane-batista-eliza\/\" \/>\n<meta property=\"og:locale\" content=\"eu_ES\" \/>\n<meta property=\"og:type\" content=\"article\" \/>\n<meta property=\"og:title\" content=\"Jondoni Joane Batista eliza - Hasparren, commune du Pays Basque\" \/>\n<meta property=\"og:description\" content=\"Jondoni Joane Batista eliza - Ondarea Hasparren, commune du Pays Basque\" \/>\n<meta property=\"og:url\" content=\"https:\/\/hasparren.fr\/eu\/jondoni-joane-batista-eliza\/\" \/>\n<meta property=\"og:site_name\" content=\"Hasparren, commune du Pays Basque\" \/>\n<meta property=\"article:published_time\" content=\"2021-09-09T11:49:21+00:00\" \/>\n<meta property=\"article:modified_time\" content=\"2022-03-08T11:04:56+00:00\" \/>\n<meta property=\"og:image\" content=\"https:\/\/hasparren.fr\/wp-content\/uploads\/2020\/10\/hasparren-categorie-e1605709389335.jpg\" \/>\n\t<meta property=\"og:image:width\" content=\"895\" \/>\n\t<meta property=\"og:image:height\" content=\"443\" \/>\n\t<meta property=\"og:image:type\" content=\"image\/jpeg\" \/>\n<meta name=\"author\" content=\"Jonathan Ade-urban\" \/>\n<meta name=\"twitter:card\" content=\"summary_large_image\" \/>\n<meta name=\"twitter:label1\" content=\"Written by\" \/>\n\t<meta name=\"twitter:data1\" content=\"Jonathan Ade-urban\" \/>\n\t<meta name=\"twitter:label2\" content=\"Est. reading time\" \/>\n\t<meta name=\"twitter:data2\" content=\"2 minutua\" \/>\n<script type=\"application\/ld+json\" class=\"yoast-schema-graph\">{\"@context\":\"https:\\\/\\\/schema.org\",\"@graph\":[{\"@type\":\"Article\",\"@id\":\"https:\\\/\\\/hasparren.fr\\\/eu\\\/jondoni-joane-batista-eliza\\\/#article\",\"isPartOf\":{\"@id\":\"https:\\\/\\\/hasparren.fr\\\/eu\\\/jondoni-joane-batista-eliza\\\/\"},\"author\":{\"name\":\"Jonathan Ade-urban\",\"@id\":\"https:\\\/\\\/hasparren.fr\\\/#\\\/schema\\\/person\\\/da1441aa8e4ef3cb9bc163683a473a65\"},\"headline\":\"Jondoni Joane Batista eliza\",\"datePublished\":\"2021-09-09T11:49:21+00:00\",\"dateModified\":\"2022-03-08T11:04:56+00:00\",\"mainEntityOfPage\":{\"@id\":\"https:\\\/\\\/hasparren.fr\\\/eu\\\/jondoni-joane-batista-eliza\\\/\"},\"wordCount\":270,\"commentCount\":0,\"image\":{\"@id\":\"https:\\\/\\\/hasparren.fr\\\/eu\\\/jondoni-joane-batista-eliza\\\/#primaryimage\"},\"thumbnailUrl\":\"https:\\\/\\\/hasparren.fr\\\/wp-content\\\/uploads\\\/2020\\\/10\\\/hasparren-categorie-e1605709389335.jpg\",\"keywords\":[\"Ondarea\"],\"articleSection\":[\"Ondarea\"],\"inLanguage\":\"eu\"},{\"@type\":\"WebPage\",\"@id\":\"https:\\\/\\\/hasparren.fr\\\/eu\\\/jondoni-joane-batista-eliza\\\/\",\"url\":\"https:\\\/\\\/hasparren.fr\\\/eu\\\/jondoni-joane-batista-eliza\\\/\",\"name\":\"Jondoni Joane Batista eliza - Hasparren, commune du Pays Basque\",\"isPartOf\":{\"@id\":\"https:\\\/\\\/hasparren.fr\\\/#website\"},\"primaryImageOfPage\":{\"@id\":\"https:\\\/\\\/hasparren.fr\\\/eu\\\/jondoni-joane-batista-eliza\\\/#primaryimage\"},\"image\":{\"@id\":\"https:\\\/\\\/hasparren.fr\\\/eu\\\/jondoni-joane-batista-eliza\\\/#primaryimage\"},\"thumbnailUrl\":\"https:\\\/\\\/hasparren.fr\\\/wp-content\\\/uploads\\\/2020\\\/10\\\/hasparren-categorie-e1605709389335.jpg\",\"datePublished\":\"2021-09-09T11:49:21+00:00\",\"dateModified\":\"2022-03-08T11:04:56+00:00\",\"author\":{\"@id\":\"https:\\\/\\\/hasparren.fr\\\/#\\\/schema\\\/person\\\/da1441aa8e4ef3cb9bc163683a473a65\"},\"description\":\"Jondoni Joane Batista eliza - Ondarea Hasparren, commune du Pays Basque\",\"breadcrumb\":{\"@id\":\"https:\\\/\\\/hasparren.fr\\\/eu\\\/jondoni-joane-batista-eliza\\\/#breadcrumb\"},\"inLanguage\":\"eu\",\"potentialAction\":[{\"@type\":\"ReadAction\",\"target\":[\"https:\\\/\\\/hasparren.fr\\\/eu\\\/jondoni-joane-batista-eliza\\\/\"]}]},{\"@type\":\"BreadcrumbList\",\"@id\":\"https:\\\/\\\/hasparren.fr\\\/eu\\\/jondoni-joane-batista-eliza\\\/#breadcrumb\",\"itemListElement\":[{\"@type\":\"ListItem\",\"position\":1,\"name\":\"Accueil\",\"item\":\"https:\\\/\\\/hasparren.fr\\\/eu\\\/\"},{\"@type\":\"ListItem\",\"position\":2,\"name\":\"Jondoni Joane Batista eliza\"}]},{\"@type\":\"WebSite\",\"@id\":\"https:\\\/\\\/hasparren.fr\\\/#website\",\"url\":\"https:\\\/\\\/hasparren.fr\\\/\",\"name\":\"Hasparren, commune du Pays Basque\",\"description\":\"Hasparren, commune du Pays Basque\",\"potentialAction\":[{\"@type\":\"SearchAction\",\"target\":{\"@type\":\"EntryPoint\",\"urlTemplate\":\"https:\\\/\\\/hasparren.fr\\\/?s={search_term_string}\"},\"query-input\":{\"@type\":\"PropertyValueSpecification\",\"valueRequired\":true,\"valueName\":\"search_term_string\"}}],\"inLanguage\":\"eu\"},{\"@type\":\"Person\",\"@id\":\"https:\\\/\\\/hasparren.fr\\\/#\\\/schema\\\/person\\\/da1441aa8e4ef3cb9bc163683a473a65\",\"name\":\"Jonathan Ade-urban\"}]}<\/script>\n<!-- \/ Yoast SEO plugin. -->","yoast_head_json":{"title":"Jondoni Joane Batista eliza - Hasparren, commune du Pays Basque","description":"Jondoni Joane Batista eliza - Ondarea Hasparren, commune du Pays Basque","robots":{"index":"index","follow":"follow","max-snippet":"max-snippet:-1","max-image-preview":"max-image-preview:large","max-video-preview":"max-video-preview:-1"},"canonical":"https:\/\/hasparren.fr\/eu\/jondoni-joane-batista-eliza\/","og_locale":"eu_ES","og_type":"article","og_title":"Jondoni Joane Batista eliza - Hasparren, commune du Pays Basque","og_description":"Jondoni Joane Batista eliza - Ondarea Hasparren, commune du Pays Basque","og_url":"https:\/\/hasparren.fr\/eu\/jondoni-joane-batista-eliza\/","og_site_name":"Hasparren, commune du Pays Basque","article_published_time":"2021-09-09T11:49:21+00:00","article_modified_time":"2022-03-08T11:04:56+00:00","og_image":[{"width":895,"height":443,"url":"https:\/\/hasparren.fr\/wp-content\/uploads\/2020\/10\/hasparren-categorie-e1605709389335.jpg","type":"image\/jpeg"}],"author":"Jonathan Ade-urban","twitter_card":"summary_large_image","twitter_misc":{"Written by":"Jonathan Ade-urban","Est. reading time":"2 minutua"},"schema":{"@context":"https:\/\/schema.org","@graph":[{"@type":"Article","@id":"https:\/\/hasparren.fr\/eu\/jondoni-joane-batista-eliza\/#article","isPartOf":{"@id":"https:\/\/hasparren.fr\/eu\/jondoni-joane-batista-eliza\/"},"author":{"name":"Jonathan Ade-urban","@id":"https:\/\/hasparren.fr\/#\/schema\/person\/da1441aa8e4ef3cb9bc163683a473a65"},"headline":"Jondoni Joane Batista eliza","datePublished":"2021-09-09T11:49:21+00:00","dateModified":"2022-03-08T11:04:56+00:00","mainEntityOfPage":{"@id":"https:\/\/hasparren.fr\/eu\/jondoni-joane-batista-eliza\/"},"wordCount":270,"commentCount":0,"image":{"@id":"https:\/\/hasparren.fr\/eu\/jondoni-joane-batista-eliza\/#primaryimage"},"thumbnailUrl":"https:\/\/hasparren.fr\/wp-content\/uploads\/2020\/10\/hasparren-categorie-e1605709389335.jpg","keywords":["Ondarea"],"articleSection":["Ondarea"],"inLanguage":"eu"},{"@type":"WebPage","@id":"https:\/\/hasparren.fr\/eu\/jondoni-joane-batista-eliza\/","url":"https:\/\/hasparren.fr\/eu\/jondoni-joane-batista-eliza\/","name":"Jondoni Joane Batista eliza - Hasparren, commune du Pays Basque","isPartOf":{"@id":"https:\/\/hasparren.fr\/#website"},"primaryImageOfPage":{"@id":"https:\/\/hasparren.fr\/eu\/jondoni-joane-batista-eliza\/#primaryimage"},"image":{"@id":"https:\/\/hasparren.fr\/eu\/jondoni-joane-batista-eliza\/#primaryimage"},"thumbnailUrl":"https:\/\/hasparren.fr\/wp-content\/uploads\/2020\/10\/hasparren-categorie-e1605709389335.jpg","datePublished":"2021-09-09T11:49:21+00:00","dateModified":"2022-03-08T11:04:56+00:00","author":{"@id":"https:\/\/hasparren.fr\/#\/schema\/person\/da1441aa8e4ef3cb9bc163683a473a65"},"description":"Jondoni Joane Batista eliza - Ondarea Hasparren, commune du Pays Basque","breadcrumb":{"@id":"https:\/\/hasparren.fr\/eu\/jondoni-joane-batista-eliza\/#breadcrumb"},"inLanguage":"eu","potentialAction":[{"@type":"ReadAction","target":["https:\/\/hasparren.fr\/eu\/jondoni-joane-batista-eliza\/"]}]},{"@type":"BreadcrumbList","@id":"https:\/\/hasparren.fr\/eu\/jondoni-joane-batista-eliza\/#breadcrumb","itemListElement":[{"@type":"ListItem","position":1,"name":"Accueil","item":"https:\/\/hasparren.fr\/eu\/"},{"@type":"ListItem","position":2,"name":"Jondoni Joane Batista eliza"}]},{"@type":"WebSite","@id":"https:\/\/hasparren.fr\/#website","url":"https:\/\/hasparren.fr\/","name":"Hasparren, commune du Pays Basque","description":"Hasparren, commune du Pays Basque","potentialAction":[{"@type":"SearchAction","target":{"@type":"EntryPoint","urlTemplate":"https:\/\/hasparren.fr\/?s={search_term_string}"},"query-input":{"@type":"PropertyValueSpecification","valueRequired":true,"valueName":"search_term_string"}}],"inLanguage":"eu"},{"@type":"Person","@id":"https:\/\/hasparren.fr\/#\/schema\/person\/da1441aa8e4ef3cb9bc163683a473a65","name":"Jonathan Ade-urban"}]}},"publishpress_future_action":{"enabled":false,"date":"2026-05-03 22:28:31","action":"change-status","newStatus":"draft","terms":[],"taxonomy":"category","extraData":[]},"publishpress_future_workflow_manual_trigger":{"enabledWorkflows":[]},"_links":{"self":[{"href":"https:\/\/hasparren.fr\/eu\/wp-json\/wp\/v2\/posts\/22184","targetHints":{"allow":["GET"]}}],"collection":[{"href":"https:\/\/hasparren.fr\/eu\/wp-json\/wp\/v2\/posts"}],"about":[{"href":"https:\/\/hasparren.fr\/eu\/wp-json\/wp\/v2\/types\/post"}],"author":[{"embeddable":true,"href":"https:\/\/hasparren.fr\/eu\/wp-json\/wp\/v2\/users\/14"}],"replies":[{"embeddable":true,"href":"https:\/\/hasparren.fr\/eu\/wp-json\/wp\/v2\/comments?post=22184"}],"version-history":[{"count":8,"href":"https:\/\/hasparren.fr\/eu\/wp-json\/wp\/v2\/posts\/22184\/revisions"}],"predecessor-version":[{"id":31075,"href":"https:\/\/hasparren.fr\/eu\/wp-json\/wp\/v2\/posts\/22184\/revisions\/31075"}],"wp:featuredmedia":[{"embeddable":true,"href":"https:\/\/hasparren.fr\/eu\/wp-json\/wp\/v2\/media\/13133"}],"wp:attachment":[{"href":"https:\/\/hasparren.fr\/eu\/wp-json\/wp\/v2\/media?parent=22184"}],"wp:term":[{"taxonomy":"category","embeddable":true,"href":"https:\/\/hasparren.fr\/eu\/wp-json\/wp\/v2\/categories?post=22184"},{"taxonomy":"post_tag","embeddable":true,"href":"https:\/\/hasparren.fr\/eu\/wp-json\/wp\/v2\/tags?post=22184"}],"curies":[{"name":"wp","href":"https:\/\/api.w.org\/{rel}","templated":true}]}}