{"id":33040,"date":"2023-09-25T09:25:00","date_gmt":"2023-09-25T07:25:00","guid":{"rendered":"https:\/\/hasparren.fr\/conseil-municipal-4\/"},"modified":"2024-02-08T14:48:37","modified_gmt":"2024-02-08T13:48:37","slug":"conseil-municipal-4","status":"publish","type":"post","link":"https:\/\/hasparren.fr\/eu\/conseil-municipal-4\/","title":{"rendered":"Herriko Kontseilua"},"content":{"rendered":"\n<p><img loading=\"lazy\" decoding=\"async\" class=\"alignnone wp-image-33025 \" src=\"https:\/\/hasparren.fr\/wp-content\/uploads\/2022\/03\/Conseil-Municipal-new-design-360-500x285.jpg\" alt=\"\" width=\"849\" height=\"484\" srcset=\"https:\/\/hasparren.fr\/wp-content\/uploads\/2022\/03\/Conseil-Municipal-new-design-360-500x285.jpg 500w, https:\/\/hasparren.fr\/wp-content\/uploads\/2022\/03\/Conseil-Municipal-new-design-360.jpg 750w\" sizes=\"auto, (max-width: 849px) 100vw, 849px\" \/><\/p>\n<p><span style=\"font-size: revert; color: initial;\"><b>Herriko kontseilua buruilaren 15an\u00a0otsailaren da, ostegunean, 20:00etan, Elgar zentroko Emile Lavigne gelan: <a href=\"https:\/\/hasparren.fr\/wp-content\/uploads\/2023\/12\/Ordre-du-jour-CM-du-15.02.2024.pdf\">Ordre du jour CM du 15.02.2024<\/a><\/b><\/span><\/p>\n<p>Pour demander une version accessible d\u2019un document t\u00e9l\u00e9chargeable sur cette page, vous pouvez contacter le responsable du site \u00e0 l\u2019adresse email suivante : <a href=\"mailto:webmaster@ville-hasparren.fr\" target=\"_blank\" rel=\"noopener\">webmaster@ville-hasparren.fr<\/a>, en mentionnant le nom du document.<\/p>\n","protected":false},"excerpt":{"rendered":"<p>Herriko kontseilua buruilaren 15an\u00a0otsailaren da, ostegunean, 20:00etan, Elgar zentroko Emile Lavigne gelan: Ordre du jour CM du 15.02.2024 Pour demander une version accessible d\u2019un document t\u00e9l\u00e9chargeable sur cette page, vous [&hellip;]<\/p>\n","protected":false},"author":14,"featured_media":33025,"comment_status":"open","ping_status":"open","sticky":false,"template":"","format":"standard","meta":{"_acf_changed":false,"cybocfi_hide_featured_image":"yes","footnotes":""},"categories":[831],"tags":[],"class_list":["post-33040","post","type-post","status-publish","format-standard","has-post-thumbnail","hentry","category-berriak","clearfix"],"acf":[],"yoast_head":"<!-- This site is optimized with the Yoast SEO plugin v27.5 - https:\/\/yoast.com\/product\/yoast-seo-wordpress\/ -->\n<title>Herriko Kontseilua - Hasparren, commune du Pays Basque<\/title>\n<meta name=\"description\" content=\"Herriko Kontseilua - Hasparren, commune du Pays Basque\" \/>\n<meta name=\"robots\" content=\"index, follow, max-snippet:-1, max-image-preview:large, max-video-preview:-1\" \/>\n<link rel=\"canonical\" href=\"https:\/\/hasparren.fr\/eu\/conseil-municipal-4\/\" \/>\n<meta property=\"og:locale\" content=\"eu_ES\" \/>\n<meta property=\"og:type\" content=\"article\" \/>\n<meta property=\"og:title\" content=\"Herriko Kontseilua - Hasparren, commune du Pays Basque\" \/>\n<meta property=\"og:description\" content=\"Herriko Kontseilua - Hasparren, commune du Pays Basque\" \/>\n<meta property=\"og:url\" content=\"https:\/\/hasparren.fr\/eu\/conseil-municipal-4\/\" \/>\n<meta property=\"og:site_name\" content=\"Hasparren, commune du Pays Basque\" \/>\n<meta property=\"article:published_time\" content=\"2023-09-25T07:25:00+00:00\" \/>\n<meta property=\"article:modified_time\" content=\"2024-02-08T13:48:37+00:00\" \/>\n<meta property=\"og:image\" content=\"https:\/\/hasparren.fr\/wp-content\/uploads\/2022\/03\/Conseil-Municipal-new-design-360-e1654610970205.jpg\" \/>\n\t<meta property=\"og:image:width\" content=\"750\" \/>\n\t<meta property=\"og:image:height\" content=\"427\" \/>\n\t<meta property=\"og:image:type\" content=\"image\/jpeg\" \/>\n<meta name=\"author\" content=\"Jonathan Ade-urban\" \/>\n<meta name=\"twitter:card\" content=\"summary_large_image\" \/>\n<meta name=\"twitter:label1\" content=\"Written by\" \/>\n\t<meta name=\"twitter:data1\" content=\"Jonathan Ade-urban\" \/>\n\t<meta name=\"twitter:label2\" content=\"Est. reading time\" \/>\n\t<meta name=\"twitter:data2\" content=\"1 minutua\" \/>\n<script type=\"application\/ld+json\" class=\"yoast-schema-graph\">{\"@context\":\"https:\\\/\\\/schema.org\",\"@graph\":[{\"@type\":\"Article\",\"@id\":\"https:\\\/\\\/hasparren.fr\\\/eu\\\/conseil-municipal-4\\\/#article\",\"isPartOf\":{\"@id\":\"https:\\\/\\\/hasparren.fr\\\/eu\\\/conseil-municipal-4\\\/\"},\"author\":{\"name\":\"Jonathan Ade-urban\",\"@id\":\"https:\\\/\\\/hasparren.fr\\\/#\\\/schema\\\/person\\\/da1441aa8e4ef3cb9bc163683a473a65\"},\"headline\":\"Herriko Kontseilua\",\"datePublished\":\"2023-09-25T07:25:00+00:00\",\"dateModified\":\"2024-02-08T13:48:37+00:00\",\"mainEntityOfPage\":{\"@id\":\"https:\\\/\\\/hasparren.fr\\\/eu\\\/conseil-municipal-4\\\/\"},\"wordCount\":54,\"commentCount\":0,\"image\":{\"@id\":\"https:\\\/\\\/hasparren.fr\\\/eu\\\/conseil-municipal-4\\\/#primaryimage\"},\"thumbnailUrl\":\"https:\\\/\\\/hasparren.fr\\\/wp-content\\\/uploads\\\/2022\\\/03\\\/Conseil-Municipal-new-design-360-e1654610970205.jpg\",\"articleSection\":[\"Berriak\"],\"inLanguage\":\"eu\"},{\"@type\":\"WebPage\",\"@id\":\"https:\\\/\\\/hasparren.fr\\\/eu\\\/conseil-municipal-4\\\/\",\"url\":\"https:\\\/\\\/hasparren.fr\\\/eu\\\/conseil-municipal-4\\\/\",\"name\":\"Herriko Kontseilua - Hasparren, commune du Pays Basque\",\"isPartOf\":{\"@id\":\"https:\\\/\\\/hasparren.fr\\\/#website\"},\"primaryImageOfPage\":{\"@id\":\"https:\\\/\\\/hasparren.fr\\\/eu\\\/conseil-municipal-4\\\/#primaryimage\"},\"image\":{\"@id\":\"https:\\\/\\\/hasparren.fr\\\/eu\\\/conseil-municipal-4\\\/#primaryimage\"},\"thumbnailUrl\":\"https:\\\/\\\/hasparren.fr\\\/wp-content\\\/uploads\\\/2022\\\/03\\\/Conseil-Municipal-new-design-360-e1654610970205.jpg\",\"datePublished\":\"2023-09-25T07:25:00+00:00\",\"dateModified\":\"2024-02-08T13:48:37+00:00\",\"author\":{\"@id\":\"https:\\\/\\\/hasparren.fr\\\/#\\\/schema\\\/person\\\/da1441aa8e4ef3cb9bc163683a473a65\"},\"description\":\"Herriko Kontseilua - Hasparren, commune du Pays Basque\",\"breadcrumb\":{\"@id\":\"https:\\\/\\\/hasparren.fr\\\/eu\\\/conseil-municipal-4\\\/#breadcrumb\"},\"inLanguage\":\"eu\",\"potentialAction\":[{\"@type\":\"ReadAction\",\"target\":[\"https:\\\/\\\/hasparren.fr\\\/eu\\\/conseil-municipal-4\\\/\"]}]},{\"@type\":\"BreadcrumbList\",\"@id\":\"https:\\\/\\\/hasparren.fr\\\/eu\\\/conseil-municipal-4\\\/#breadcrumb\",\"itemListElement\":[{\"@type\":\"ListItem\",\"position\":1,\"name\":\"Accueil\",\"item\":\"https:\\\/\\\/hasparren.fr\\\/eu\\\/\"},{\"@type\":\"ListItem\",\"position\":2,\"name\":\"Herriko Kontseilua\"}]},{\"@type\":\"WebSite\",\"@id\":\"https:\\\/\\\/hasparren.fr\\\/#website\",\"url\":\"https:\\\/\\\/hasparren.fr\\\/\",\"name\":\"Hasparren, commune du Pays Basque\",\"description\":\"Hasparren, commune du Pays Basque\",\"potentialAction\":[{\"@type\":\"SearchAction\",\"target\":{\"@type\":\"EntryPoint\",\"urlTemplate\":\"https:\\\/\\\/hasparren.fr\\\/?s={search_term_string}\"},\"query-input\":{\"@type\":\"PropertyValueSpecification\",\"valueRequired\":true,\"valueName\":\"search_term_string\"}}],\"inLanguage\":\"eu\"},{\"@type\":\"Person\",\"@id\":\"https:\\\/\\\/hasparren.fr\\\/#\\\/schema\\\/person\\\/da1441aa8e4ef3cb9bc163683a473a65\",\"name\":\"Jonathan Ade-urban\"}]}<\/script>\n<!-- \/ Yoast SEO plugin. -->","yoast_head_json":{"title":"Herriko Kontseilua - Hasparren, commune du Pays Basque","description":"Herriko Kontseilua - Hasparren, commune du Pays Basque","robots":{"index":"index","follow":"follow","max-snippet":"max-snippet:-1","max-image-preview":"max-image-preview:large","max-video-preview":"max-video-preview:-1"},"canonical":"https:\/\/hasparren.fr\/eu\/conseil-municipal-4\/","og_locale":"eu_ES","og_type":"article","og_title":"Herriko Kontseilua - Hasparren, commune du Pays Basque","og_description":"Herriko Kontseilua - Hasparren, commune du Pays Basque","og_url":"https:\/\/hasparren.fr\/eu\/conseil-municipal-4\/","og_site_name":"Hasparren, commune du Pays Basque","article_published_time":"2023-09-25T07:25:00+00:00","article_modified_time":"2024-02-08T13:48:37+00:00","og_image":[{"width":750,"height":427,"url":"https:\/\/hasparren.fr\/wp-content\/uploads\/2022\/03\/Conseil-Municipal-new-design-360-e1654610970205.jpg","type":"image\/jpeg"}],"author":"Jonathan Ade-urban","twitter_card":"summary_large_image","twitter_misc":{"Written by":"Jonathan Ade-urban","Est. reading time":"1 minutua"},"schema":{"@context":"https:\/\/schema.org","@graph":[{"@type":"Article","@id":"https:\/\/hasparren.fr\/eu\/conseil-municipal-4\/#article","isPartOf":{"@id":"https:\/\/hasparren.fr\/eu\/conseil-municipal-4\/"},"author":{"name":"Jonathan Ade-urban","@id":"https:\/\/hasparren.fr\/#\/schema\/person\/da1441aa8e4ef3cb9bc163683a473a65"},"headline":"Herriko Kontseilua","datePublished":"2023-09-25T07:25:00+00:00","dateModified":"2024-02-08T13:48:37+00:00","mainEntityOfPage":{"@id":"https:\/\/hasparren.fr\/eu\/conseil-municipal-4\/"},"wordCount":54,"commentCount":0,"image":{"@id":"https:\/\/hasparren.fr\/eu\/conseil-municipal-4\/#primaryimage"},"thumbnailUrl":"https:\/\/hasparren.fr\/wp-content\/uploads\/2022\/03\/Conseil-Municipal-new-design-360-e1654610970205.jpg","articleSection":["Berriak"],"inLanguage":"eu"},{"@type":"WebPage","@id":"https:\/\/hasparren.fr\/eu\/conseil-municipal-4\/","url":"https:\/\/hasparren.fr\/eu\/conseil-municipal-4\/","name":"Herriko Kontseilua - Hasparren, commune du Pays Basque","isPartOf":{"@id":"https:\/\/hasparren.fr\/#website"},"primaryImageOfPage":{"@id":"https:\/\/hasparren.fr\/eu\/conseil-municipal-4\/#primaryimage"},"image":{"@id":"https:\/\/hasparren.fr\/eu\/conseil-municipal-4\/#primaryimage"},"thumbnailUrl":"https:\/\/hasparren.fr\/wp-content\/uploads\/2022\/03\/Conseil-Municipal-new-design-360-e1654610970205.jpg","datePublished":"2023-09-25T07:25:00+00:00","dateModified":"2024-02-08T13:48:37+00:00","author":{"@id":"https:\/\/hasparren.fr\/#\/schema\/person\/da1441aa8e4ef3cb9bc163683a473a65"},"description":"Herriko Kontseilua - Hasparren, commune du Pays Basque","breadcrumb":{"@id":"https:\/\/hasparren.fr\/eu\/conseil-municipal-4\/#breadcrumb"},"inLanguage":"eu","potentialAction":[{"@type":"ReadAction","target":["https:\/\/hasparren.fr\/eu\/conseil-municipal-4\/"]}]},{"@type":"BreadcrumbList","@id":"https:\/\/hasparren.fr\/eu\/conseil-municipal-4\/#breadcrumb","itemListElement":[{"@type":"ListItem","position":1,"name":"Accueil","item":"https:\/\/hasparren.fr\/eu\/"},{"@type":"ListItem","position":2,"name":"Herriko Kontseilua"}]},{"@type":"WebSite","@id":"https:\/\/hasparren.fr\/#website","url":"https:\/\/hasparren.fr\/","name":"Hasparren, commune du Pays Basque","description":"Hasparren, commune du Pays Basque","potentialAction":[{"@type":"SearchAction","target":{"@type":"EntryPoint","urlTemplate":"https:\/\/hasparren.fr\/?s={search_term_string}"},"query-input":{"@type":"PropertyValueSpecification","valueRequired":true,"valueName":"search_term_string"}}],"inLanguage":"eu"},{"@type":"Person","@id":"https:\/\/hasparren.fr\/#\/schema\/person\/da1441aa8e4ef3cb9bc163683a473a65","name":"Jonathan Ade-urban"}]}},"publishpress_future_action":{"enabled":false,"date":"2026-05-07 12:45:30","action":"change-status","newStatus":"draft","terms":[],"taxonomy":"category","extraData":[]},"publishpress_future_workflow_manual_trigger":{"enabledWorkflows":[]},"_links":{"self":[{"href":"https:\/\/hasparren.fr\/eu\/wp-json\/wp\/v2\/posts\/33040","targetHints":{"allow":["GET"]}}],"collection":[{"href":"https:\/\/hasparren.fr\/eu\/wp-json\/wp\/v2\/posts"}],"about":[{"href":"https:\/\/hasparren.fr\/eu\/wp-json\/wp\/v2\/types\/post"}],"author":[{"embeddable":true,"href":"https:\/\/hasparren.fr\/eu\/wp-json\/wp\/v2\/users\/14"}],"replies":[{"embeddable":true,"href":"https:\/\/hasparren.fr\/eu\/wp-json\/wp\/v2\/comments?post=33040"}],"version-history":[{"count":8,"href":"https:\/\/hasparren.fr\/eu\/wp-json\/wp\/v2\/posts\/33040\/revisions"}],"predecessor-version":[{"id":40821,"href":"https:\/\/hasparren.fr\/eu\/wp-json\/wp\/v2\/posts\/33040\/revisions\/40821"}],"wp:featuredmedia":[{"embeddable":true,"href":"https:\/\/hasparren.fr\/eu\/wp-json\/wp\/v2\/media\/33025"}],"wp:attachment":[{"href":"https:\/\/hasparren.fr\/eu\/wp-json\/wp\/v2\/media?parent=33040"}],"wp:term":[{"taxonomy":"category","embeddable":true,"href":"https:\/\/hasparren.fr\/eu\/wp-json\/wp\/v2\/categories?post=33040"},{"taxonomy":"post_tag","embeddable":true,"href":"https:\/\/hasparren.fr\/eu\/wp-json\/wp\/v2\/tags?post=33040"}],"curies":[{"name":"wp","href":"https:\/\/api.w.org\/{rel}","templated":true}]}}