{"id":39642,"date":"2023-09-10T10:08:00","date_gmt":"2023-09-10T08:08:00","guid":{"rendered":"https:\/\/hasparren.fr\/formation-aek-apprendre-la-langue-basque\/"},"modified":"2023-09-10T10:08:00","modified_gmt":"2023-09-10T08:08:00","slug":"formation-aek-apprendre-la-langue-basque","status":"publish","type":"post","link":"https:\/\/hasparren.fr\/eu\/formation-aek-apprendre-la-langue-basque\/","title":{"rendered":"Formation AEK, apprendre la langue basque"},"content":{"rendered":"\n<p><strong>AEK propose une formation intensive \u00e0 la langue basque appliqu\u00e9e aux m\u00e9tiers de la petite enfance, enfance et jeunesse, aux m\u00e9tiers d&#8217;accueil tout domaine, de l\u2019animation socioculturelle, des loisirs aux m\u00e9tiers de l\u2019aide \u00e0 la personne aux m\u00e9tiers de l\u2019agriculture, des r\u00e9seaux locaux d\u2019\u00e9changes socio\u00e9conomiques.<\/strong><\/p>\n<p>\u00a0<\/p>\n<h2>Objectifs du projet<\/h2>\n<ul>\n<li>Acqu\u00e9rir la langue basque, comp\u00e9tence transversale, en validant le<br \/>certificat de niveau B1<\/li>\n<li>S\u2019adapter \u00e0 une demande territoriale du monde de l&#8217;emploi<br \/>notamment dans les secteurs de la petite enfance-enfancejeunesse, des m\u00e9tiers d&#8217;accueil, de l\u2019animation socioculturelle, loisirs et de l\u2019aide \u00e0 la personne, du tourisme, de la sant\u00e9, de<br \/>l\u2019\u00e9conomie locale.<\/li>\n<li>S&#8217;ins\u00e9rer durablement dans l&#8217;emploi<\/li>\n<li>Acqu\u00e9rir dans un temps limit\u00e9, une comp\u00e9tence linguistique orale et<br \/>\u00e9crite solide, aussi bien en compr\u00e9hension qu&#8217;en expression.<\/li>\n<\/ul>\n<p>\u00a0<\/p>\n<p>Ce projet vous parle ? N&#8217;h\u00e9sitez pas \u00e0 t\u00e9l\u00e9charger la brochure compl\u00e8te de la formation : <a title=\"Aurkezpena 2024 [PDF 342Kb]\" href=\"https:\/\/hasparren.fr\/wp-content\/uploads\/2023\/09\/Aurkezpena-fr-2024.pdf\" target=\"_blank\" rel=\"noopener\">Aurkezpena 2024<\/a><\/p>\n<p><span style=\"text-decoration: underline; color: #ff0000;\"><strong>Inscription jusqu&#8217;au 22 septembre.<\/strong><\/span><\/p>\n<p><strong>Contact :<\/strong> AEK, Xilarreneako bidea 64250 Itxassou<br \/><strong>T\u00e9l :<\/strong> <a href=\"tel:+33559649510\" target=\"_blank\" rel=\"noopener\">05 59 64 95 10<\/a><br \/><strong>Email :<\/strong> <a href=\"mailto:6h-info@aek.eus\" target=\"_blank\" rel=\"noopener\">6h-info@aek.eus<\/a><\/p>\n<p>\u00a0<\/p>\n<p><a href=\"https:\/\/hasparren.fr\/wp-content\/uploads\/2023\/09\/afitxa-2023-eusfr_page-0002-425x600.jpg\" target=\"_blank\" rel=\"noopener\"><img loading=\"lazy\" decoding=\"async\" class=\"aligncenter wp-image-39484 \" src=\"https:\/\/hasparren.fr\/wp-content\/uploads\/2023\/09\/afitxa-2023-eusfr_page-0002-425x600.jpg\" alt=\"\" width=\"526\" height=\"743\" srcset=\"https:\/\/hasparren.fr\/wp-content\/uploads\/2023\/09\/afitxa-2023-eusfr_page-0002-425x600.jpg 425w, https:\/\/hasparren.fr\/wp-content\/uploads\/2023\/09\/afitxa-2023-eusfr_page-0002-212x300.jpg 212w, https:\/\/hasparren.fr\/wp-content\/uploads\/2023\/09\/afitxa-2023-eusfr_page-0002-768x1085.jpg 768w, https:\/\/hasparren.fr\/wp-content\/uploads\/2023\/09\/afitxa-2023-eusfr_page-0002-1087x1536.jpg 1087w, https:\/\/hasparren.fr\/wp-content\/uploads\/2023\/09\/afitxa-2023-eusfr_page-0002.jpg 1241w\" sizes=\"auto, (max-width: 526px) 100vw, 526px\" \/><\/a><\/p>\n\n\n","protected":false},"excerpt":{"rendered":"<p>AEK propose une formation intensive \u00e0 la langue basque appliqu\u00e9e aux m\u00e9tiers de la petite enfance, enfance et jeunesse, aux m\u00e9tiers d&#8217;accueil tout domaine, de l\u2019animation socioculturelle, des loisirs aux [&hellip;]<\/p>\n","protected":false},"author":14,"featured_media":39487,"comment_status":"open","ping_status":"open","sticky":false,"template":"","format":"standard","meta":{"_acf_changed":false,"cybocfi_hide_featured_image":"","footnotes":""},"categories":[831],"tags":[],"class_list":["post-39642","post","type-post","status-publish","format-standard","has-post-thumbnail","hentry","category-berriak","clearfix"],"acf":[],"yoast_head":"<!-- This site is optimized with the Yoast SEO plugin v27.5 - https:\/\/yoast.com\/product\/yoast-seo-wordpress\/ -->\n<title>Formation AEK, apprendre la langue basque - Hasparren, commune du Pays Basque<\/title>\n<meta name=\"description\" content=\"Formation AEK, apprendre la langue basque - Hasparren, commune du Pays Basque\" \/>\n<meta name=\"robots\" content=\"index, follow, max-snippet:-1, max-image-preview:large, max-video-preview:-1\" \/>\n<link rel=\"canonical\" href=\"https:\/\/hasparren.fr\/eu\/formation-aek-apprendre-la-langue-basque\/\" \/>\n<meta property=\"og:locale\" content=\"eu_ES\" \/>\n<meta property=\"og:type\" content=\"article\" \/>\n<meta property=\"og:title\" content=\"Formation AEK, apprendre la langue basque - Hasparren, commune du Pays Basque\" \/>\n<meta property=\"og:description\" content=\"Formation AEK, apprendre la langue basque - Hasparren, commune du Pays Basque\" \/>\n<meta property=\"og:url\" content=\"https:\/\/hasparren.fr\/eu\/formation-aek-apprendre-la-langue-basque\/\" \/>\n<meta property=\"og:site_name\" content=\"Hasparren, commune du Pays Basque\" \/>\n<meta property=\"article:published_time\" content=\"2023-09-10T08:08:00+00:00\" \/>\n<meta property=\"og:image\" content=\"https:\/\/hasparren.fr\/wp-content\/uploads\/2023\/09\/afitxa-2023-eusfr_page-0002-425x600.jpg\" \/>\n<meta name=\"author\" content=\"Jonathan Ade-urban\" \/>\n<meta name=\"twitter:card\" content=\"summary_large_image\" \/>\n<meta name=\"twitter:label1\" content=\"Written by\" \/>\n\t<meta name=\"twitter:data1\" content=\"Jonathan Ade-urban\" \/>\n\t<meta name=\"twitter:label2\" content=\"Est. reading time\" \/>\n\t<meta name=\"twitter:data2\" content=\"1 minutua\" \/>\n<script type=\"application\/ld+json\" class=\"yoast-schema-graph\">{\"@context\":\"https:\\\/\\\/schema.org\",\"@graph\":[{\"@type\":\"Article\",\"@id\":\"https:\\\/\\\/hasparren.fr\\\/eu\\\/formation-aek-apprendre-la-langue-basque\\\/#article\",\"isPartOf\":{\"@id\":\"https:\\\/\\\/hasparren.fr\\\/eu\\\/formation-aek-apprendre-la-langue-basque\\\/\"},\"author\":{\"name\":\"Jonathan Ade-urban\",\"@id\":\"https:\\\/\\\/hasparren.fr\\\/#\\\/schema\\\/person\\\/da1441aa8e4ef3cb9bc163683a473a65\"},\"headline\":\"Formation AEK, apprendre la langue basque\",\"datePublished\":\"2023-09-10T08:08:00+00:00\",\"mainEntityOfPage\":{\"@id\":\"https:\\\/\\\/hasparren.fr\\\/eu\\\/formation-aek-apprendre-la-langue-basque\\\/\"},\"wordCount\":182,\"commentCount\":0,\"image\":{\"@id\":\"https:\\\/\\\/hasparren.fr\\\/eu\\\/formation-aek-apprendre-la-langue-basque\\\/#primaryimage\"},\"thumbnailUrl\":\"https:\\\/\\\/hasparren.fr\\\/wp-content\\\/uploads\\\/2023\\\/09\\\/gabariis-agenda-AEk.jpg\",\"articleSection\":[\"Berriak\"],\"inLanguage\":\"eu\"},{\"@type\":\"WebPage\",\"@id\":\"https:\\\/\\\/hasparren.fr\\\/eu\\\/formation-aek-apprendre-la-langue-basque\\\/\",\"url\":\"https:\\\/\\\/hasparren.fr\\\/eu\\\/formation-aek-apprendre-la-langue-basque\\\/\",\"name\":\"Formation AEK, apprendre la langue basque - Hasparren, commune du Pays Basque\",\"isPartOf\":{\"@id\":\"https:\\\/\\\/hasparren.fr\\\/#website\"},\"primaryImageOfPage\":{\"@id\":\"https:\\\/\\\/hasparren.fr\\\/eu\\\/formation-aek-apprendre-la-langue-basque\\\/#primaryimage\"},\"image\":{\"@id\":\"https:\\\/\\\/hasparren.fr\\\/eu\\\/formation-aek-apprendre-la-langue-basque\\\/#primaryimage\"},\"thumbnailUrl\":\"https:\\\/\\\/hasparren.fr\\\/wp-content\\\/uploads\\\/2023\\\/09\\\/gabariis-agenda-AEk.jpg\",\"datePublished\":\"2023-09-10T08:08:00+00:00\",\"author\":{\"@id\":\"https:\\\/\\\/hasparren.fr\\\/#\\\/schema\\\/person\\\/da1441aa8e4ef3cb9bc163683a473a65\"},\"description\":\"Formation AEK, apprendre la langue basque - Hasparren, commune du Pays Basque\",\"breadcrumb\":{\"@id\":\"https:\\\/\\\/hasparren.fr\\\/eu\\\/formation-aek-apprendre-la-langue-basque\\\/#breadcrumb\"},\"inLanguage\":\"eu\",\"potentialAction\":[{\"@type\":\"ReadAction\",\"target\":[\"https:\\\/\\\/hasparren.fr\\\/eu\\\/formation-aek-apprendre-la-langue-basque\\\/\"]}]},{\"@type\":\"ImageObject\",\"inLanguage\":\"eu\",\"@id\":\"https:\\\/\\\/hasparren.fr\\\/eu\\\/formation-aek-apprendre-la-langue-basque\\\/#primaryimage\",\"url\":\"https:\\\/\\\/hasparren.fr\\\/wp-content\\\/uploads\\\/2023\\\/09\\\/gabariis-agenda-AEk.jpg\",\"contentUrl\":\"https:\\\/\\\/hasparren.fr\\\/wp-content\\\/uploads\\\/2023\\\/09\\\/gabariis-agenda-AEk.jpg\",\"width\":360,\"height\":205},{\"@type\":\"BreadcrumbList\",\"@id\":\"https:\\\/\\\/hasparren.fr\\\/eu\\\/formation-aek-apprendre-la-langue-basque\\\/#breadcrumb\",\"itemListElement\":[{\"@type\":\"ListItem\",\"position\":1,\"name\":\"Accueil\",\"item\":\"https:\\\/\\\/hasparren.fr\\\/eu\\\/\"},{\"@type\":\"ListItem\",\"position\":2,\"name\":\"Formation AEK, apprendre la langue basque\"}]},{\"@type\":\"WebSite\",\"@id\":\"https:\\\/\\\/hasparren.fr\\\/#website\",\"url\":\"https:\\\/\\\/hasparren.fr\\\/\",\"name\":\"Hasparren, commune du Pays Basque\",\"description\":\"Hasparren, commune du Pays Basque\",\"potentialAction\":[{\"@type\":\"SearchAction\",\"target\":{\"@type\":\"EntryPoint\",\"urlTemplate\":\"https:\\\/\\\/hasparren.fr\\\/?s={search_term_string}\"},\"query-input\":{\"@type\":\"PropertyValueSpecification\",\"valueRequired\":true,\"valueName\":\"search_term_string\"}}],\"inLanguage\":\"eu\"},{\"@type\":\"Person\",\"@id\":\"https:\\\/\\\/hasparren.fr\\\/#\\\/schema\\\/person\\\/da1441aa8e4ef3cb9bc163683a473a65\",\"name\":\"Jonathan Ade-urban\"}]}<\/script>\n<!-- \/ Yoast SEO plugin. -->","yoast_head_json":{"title":"Formation AEK, apprendre la langue basque - Hasparren, commune du Pays Basque","description":"Formation AEK, apprendre la langue basque - Hasparren, commune du Pays Basque","robots":{"index":"index","follow":"follow","max-snippet":"max-snippet:-1","max-image-preview":"max-image-preview:large","max-video-preview":"max-video-preview:-1"},"canonical":"https:\/\/hasparren.fr\/eu\/formation-aek-apprendre-la-langue-basque\/","og_locale":"eu_ES","og_type":"article","og_title":"Formation AEK, apprendre la langue basque - Hasparren, commune du Pays Basque","og_description":"Formation AEK, apprendre la langue basque - Hasparren, commune du Pays Basque","og_url":"https:\/\/hasparren.fr\/eu\/formation-aek-apprendre-la-langue-basque\/","og_site_name":"Hasparren, commune du Pays Basque","article_published_time":"2023-09-10T08:08:00+00:00","og_image":[{"url":"https:\/\/hasparren.fr\/wp-content\/uploads\/2023\/09\/afitxa-2023-eusfr_page-0002-425x600.jpg","type":"","width":"","height":""}],"author":"Jonathan Ade-urban","twitter_card":"summary_large_image","twitter_misc":{"Written by":"Jonathan Ade-urban","Est. reading time":"1 minutua"},"schema":{"@context":"https:\/\/schema.org","@graph":[{"@type":"Article","@id":"https:\/\/hasparren.fr\/eu\/formation-aek-apprendre-la-langue-basque\/#article","isPartOf":{"@id":"https:\/\/hasparren.fr\/eu\/formation-aek-apprendre-la-langue-basque\/"},"author":{"name":"Jonathan Ade-urban","@id":"https:\/\/hasparren.fr\/#\/schema\/person\/da1441aa8e4ef3cb9bc163683a473a65"},"headline":"Formation AEK, apprendre la langue basque","datePublished":"2023-09-10T08:08:00+00:00","mainEntityOfPage":{"@id":"https:\/\/hasparren.fr\/eu\/formation-aek-apprendre-la-langue-basque\/"},"wordCount":182,"commentCount":0,"image":{"@id":"https:\/\/hasparren.fr\/eu\/formation-aek-apprendre-la-langue-basque\/#primaryimage"},"thumbnailUrl":"https:\/\/hasparren.fr\/wp-content\/uploads\/2023\/09\/gabariis-agenda-AEk.jpg","articleSection":["Berriak"],"inLanguage":"eu"},{"@type":"WebPage","@id":"https:\/\/hasparren.fr\/eu\/formation-aek-apprendre-la-langue-basque\/","url":"https:\/\/hasparren.fr\/eu\/formation-aek-apprendre-la-langue-basque\/","name":"Formation AEK, apprendre la langue basque - Hasparren, commune du Pays Basque","isPartOf":{"@id":"https:\/\/hasparren.fr\/#website"},"primaryImageOfPage":{"@id":"https:\/\/hasparren.fr\/eu\/formation-aek-apprendre-la-langue-basque\/#primaryimage"},"image":{"@id":"https:\/\/hasparren.fr\/eu\/formation-aek-apprendre-la-langue-basque\/#primaryimage"},"thumbnailUrl":"https:\/\/hasparren.fr\/wp-content\/uploads\/2023\/09\/gabariis-agenda-AEk.jpg","datePublished":"2023-09-10T08:08:00+00:00","author":{"@id":"https:\/\/hasparren.fr\/#\/schema\/person\/da1441aa8e4ef3cb9bc163683a473a65"},"description":"Formation AEK, apprendre la langue basque - Hasparren, commune du Pays Basque","breadcrumb":{"@id":"https:\/\/hasparren.fr\/eu\/formation-aek-apprendre-la-langue-basque\/#breadcrumb"},"inLanguage":"eu","potentialAction":[{"@type":"ReadAction","target":["https:\/\/hasparren.fr\/eu\/formation-aek-apprendre-la-langue-basque\/"]}]},{"@type":"ImageObject","inLanguage":"eu","@id":"https:\/\/hasparren.fr\/eu\/formation-aek-apprendre-la-langue-basque\/#primaryimage","url":"https:\/\/hasparren.fr\/wp-content\/uploads\/2023\/09\/gabariis-agenda-AEk.jpg","contentUrl":"https:\/\/hasparren.fr\/wp-content\/uploads\/2023\/09\/gabariis-agenda-AEk.jpg","width":360,"height":205},{"@type":"BreadcrumbList","@id":"https:\/\/hasparren.fr\/eu\/formation-aek-apprendre-la-langue-basque\/#breadcrumb","itemListElement":[{"@type":"ListItem","position":1,"name":"Accueil","item":"https:\/\/hasparren.fr\/eu\/"},{"@type":"ListItem","position":2,"name":"Formation AEK, apprendre la langue basque"}]},{"@type":"WebSite","@id":"https:\/\/hasparren.fr\/#website","url":"https:\/\/hasparren.fr\/","name":"Hasparren, commune du Pays Basque","description":"Hasparren, commune du Pays Basque","potentialAction":[{"@type":"SearchAction","target":{"@type":"EntryPoint","urlTemplate":"https:\/\/hasparren.fr\/?s={search_term_string}"},"query-input":{"@type":"PropertyValueSpecification","valueRequired":true,"valueName":"search_term_string"}}],"inLanguage":"eu"},{"@type":"Person","@id":"https:\/\/hasparren.fr\/#\/schema\/person\/da1441aa8e4ef3cb9bc163683a473a65","name":"Jonathan Ade-urban"}]}},"publishpress_future_action":{"enabled":false,"date":"2026-05-08 01:53:10","action":"change-status","newStatus":"draft","terms":[],"taxonomy":"category","extraData":[]},"publishpress_future_workflow_manual_trigger":{"enabledWorkflows":[]},"_links":{"self":[{"href":"https:\/\/hasparren.fr\/eu\/wp-json\/wp\/v2\/posts\/39642","targetHints":{"allow":["GET"]}}],"collection":[{"href":"https:\/\/hasparren.fr\/eu\/wp-json\/wp\/v2\/posts"}],"about":[{"href":"https:\/\/hasparren.fr\/eu\/wp-json\/wp\/v2\/types\/post"}],"author":[{"embeddable":true,"href":"https:\/\/hasparren.fr\/eu\/wp-json\/wp\/v2\/users\/14"}],"replies":[{"embeddable":true,"href":"https:\/\/hasparren.fr\/eu\/wp-json\/wp\/v2\/comments?post=39642"}],"version-history":[{"count":0,"href":"https:\/\/hasparren.fr\/eu\/wp-json\/wp\/v2\/posts\/39642\/revisions"}],"wp:featuredmedia":[{"embeddable":true,"href":"https:\/\/hasparren.fr\/eu\/wp-json\/wp\/v2\/media\/39487"}],"wp:attachment":[{"href":"https:\/\/hasparren.fr\/eu\/wp-json\/wp\/v2\/media?parent=39642"}],"wp:term":[{"taxonomy":"category","embeddable":true,"href":"https:\/\/hasparren.fr\/eu\/wp-json\/wp\/v2\/categories?post=39642"},{"taxonomy":"post_tag","embeddable":true,"href":"https:\/\/hasparren.fr\/eu\/wp-json\/wp\/v2\/tags?post=39642"}],"curies":[{"name":"wp","href":"https:\/\/api.w.org\/{rel}","templated":true}]}}